{"id":968,"date":"2025-10-29T17:00:00","date_gmt":"2025-10-29T16:00:00","guid":{"rendered":"https:\/\/kamfoundationrdc.org\/?p=968"},"modified":"2025-12-05T17:05:36","modified_gmt":"2025-12-05T16:05:36","slug":"lubumbashi-accueille-la-9-edition-de-lalternative-mining-indaba-rdc-2025","status":"publish","type":"post","link":"https:\/\/awnr.org\/index.php\/2025\/10\/29\/lubumbashi-accueille-la-9-edition-de-lalternative-mining-indaba-rdc-2025\/","title":{"rendered":"AWNR participe en 2025 \u00e0 la Neuvi\u00e8me \u00e9dition de l\u2019Alternative Mining Indaba RDC."},"content":{"rendered":"\n<div style=\"height:8px\" aria-hidden=\"true\" class=\"wp-block-spacer\"><\/div>\n\n\n\n<p>Du 29 au 31 octobre 2025, le Pullman Grand Karavia de Lubumbashi, dans la province du Haut-Katanga, accueille la 9\u1d49 \u00e9dition de l\u2019Alternative Mining Indaba RDC (AMI-RDC), \u00e0 laquelle <strong>African Women for Natural Resources (AWNR) <\/strong>prend activement part. Cette rencontre majeure r\u00e9unit des acteurs de la soci\u00e9t\u00e9 civile, des repr\u00e9sentants gouvernementaux, des experts du secteur minier et des partenaires internationaux autour du th\u00e8me : \u00ab <strong>Les minerais strat\u00e9giques de la RDC : entre enjeux g\u00e9opolitiques mondiaux et impacts socio\u00e9conomiques locaux <\/strong>\u00bb dans l&rsquo;objectif de faire entendre la voix des communaut\u00e9s affect\u00e9es par l\u2019exploitation mini\u00e8re, promouvoir la transparence, et encourager une exploitation responsable des ressources naturelles au service du d\u00e9veloppement humain.<\/p>\n\n\n\n<h2 class=\"wp-block-heading\"><strong>Un contexte mondial ru\u00e9e vers les min\u00e9raux critiques<\/strong>.<\/h2>\n\n\n\n<p>Cette \u00e9dition se tient dans un contexte mondial marqu\u00e9 par une <strong>ru\u00e9e g\u00e9ostrat\u00e9gique sans pr\u00e9c\u00e9dent<\/strong> vers les <strong>min\u00e9raux strat\u00e9giques<\/strong> tels que le <strong>cuivre, le cobalt, le lithium ou le mangan\u00e8se<\/strong>, ressources dont la <strong>RDC<\/strong> regorge et qui constituent aujourd\u2019hui le <strong>c\u0153ur battant de la transition \u00e9nerg\u00e9tique mondiale<\/strong>.<\/p>\n\n\n\n<div style=\"height:6px\" aria-hidden=\"true\" class=\"wp-block-spacer\"><\/div>\n\n\n\n<p>Durant son allocution d&rsquo;ouverture, le Dr <strong>Claude Muteba<\/strong>, de Southern African Resources Watch, organisateur de l\u2019\u00e9v\u00e9nement a d\u00e9clar\u00e9 que : \u00ab Le monde veut se d\u00e9carboner, et la RDC est au centre de cette transition car la 9\u1d49 \u00e9dition illustre parfaitement le double enjeu auquel nous faisons face : comment concilier la demande mondiale croissante de nos ressources avec la protection de nos communaut\u00e9s et de l\u2019environnement congolais \u00bb.<\/p>\n\n\n\n<h2 class=\"wp-block-heading\"><strong>Des discussions centr\u00e9es sur la justice sociale et environnementale<\/strong>.<\/h2>\n\n\n\n<div style=\"height:8px\" aria-hidden=\"true\" class=\"wp-block-spacer\"><\/div>\n\n\n\n<figure class=\"wp-block-image size-large\"><img loading=\"lazy\" decoding=\"async\" width=\"1024\" height=\"683\" src=\"https:\/\/kamfoundationrdc.org\/wp-content\/uploads\/2025\/10\/2Y0A9072-1024x683.jpg\" alt=\"\" class=\"wp-image-993\" srcset=\"https:\/\/awnr.org\/wp-content\/uploads\/2025\/10\/2Y0A9072-1024x683.jpg 1024w, https:\/\/awnr.org\/wp-content\/uploads\/2025\/10\/2Y0A9072-300x200.jpg 300w, https:\/\/awnr.org\/wp-content\/uploads\/2025\/10\/2Y0A9072-768x512.jpg 768w, https:\/\/awnr.org\/wp-content\/uploads\/2025\/10\/2Y0A9072-1536x1024.jpg 1536w, https:\/\/awnr.org\/wp-content\/uploads\/2025\/10\/2Y0A9072-2048x1365.jpg 2048w\" sizes=\"auto, (max-width: 1024px) 100vw, 1024px\" \/><\/figure>\n\n\n\n<div style=\"height:9px\" aria-hidden=\"true\" class=\"wp-block-spacer\"><\/div>\n\n\n\n<p>Les \u00e9changes de cette nouvelle \u00e9dition soulignent l\u2019urgence de repenser l\u2019exploitation mini\u00e8re face \u00e0 ses lourdes r\u00e9percussions sociales et environnementales : pollution, pauvret\u00e9 persistante, in\u00e9galit\u00e9s et manque d\u2019acc\u00e8s aux services essentiels tels que l\u2019eau, la sant\u00e9 et l\u2019\u00e9ducation. Une r\u00e9alit\u00e9 qui rappelle que la v\u00e9ritable valeur d\u2019une mine ne se mesure pas \u00e0 la quantit\u00e9 de cobalt ou de cuivre extrait, mais \u00e0 sa responsabilit\u00e9 envers les populations, la plan\u00e8te et les g\u00e9n\u00e9rations futures. <\/p>\n\n\n\n<div style=\"height:11px\" aria-hidden=\"true\" class=\"wp-block-spacer\"><\/div>\n\n\n\n<p>Notre ASBL, KAM Foundation, engag\u00e9e en faveur du d\u00e9veloppement durable, soutient l\u2019Alternative Mining Indaba qui est un espace de dialogue o\u00f9 les communaut\u00e9s et la soci\u00e9t\u00e9 civile font entendre leurs pr\u00e9occupations, tandis que les d\u00e9cideurs publics et priv\u00e9s sont invit\u00e9s \u00e0 \u00e9couter et \u00e0 agir concr\u00e8tement pour un d\u00e9veloppement socio-\u00e9conomique \u00e9quitable en RDC.<\/p>\n\n\n\n<h2 class=\"wp-block-heading\"><strong>Focus sur la gouvernance et les accords internationaux<\/strong>.<\/h2>\n\n\n\n<div style=\"height:7px\" aria-hidden=\"true\" class=\"wp-block-spacer\"><\/div>\n\n\n\n<p>Plusieurs panels ont enrichi les \u00e9changes, dont celui consacr\u00e9 <strong>aux accords internationaux relatifs aux minerais strat\u00e9giques de la RDC<\/strong>, mod\u00e9r\u00e9 par <strong>Madame Johanna Kamala<\/strong>, Directrice nationale de AWNR. Ce panel avait pour objectif <strong>d\u2019examiner les garanties essentielles \u00e0 la protection des droits des communaut\u00e9s locales<\/strong> et de promouvoir une gouvernance mini\u00e8re inclusive, qui ne se limite pas aux consid\u00e9rations \u00e9conomiques, mais int\u00e8gre pleinement les dimensions sociales et humaines du d\u00e9veloppement.<\/p>\n\n\n\n<div style=\"height:6px\" aria-hidden=\"true\" class=\"wp-block-spacer\"><\/div>\n\n\n\n<div style=\"height:5px\" aria-hidden=\"true\" class=\"wp-block-spacer\"><\/div>\n\n\n\n<figure class=\"wp-block-image size-large\"><img loading=\"lazy\" decoding=\"async\" width=\"1024\" height=\"683\" src=\"https:\/\/kamfoundationrdc.org\/wp-content\/uploads\/2025\/10\/lubumbashi-7-1-1024x683.jpg\" alt=\"\" class=\"wp-image-1015\" srcset=\"https:\/\/awnr.org\/wp-content\/uploads\/2025\/10\/lubumbashi-7-1-1024x683.jpg 1024w, https:\/\/awnr.org\/wp-content\/uploads\/2025\/10\/lubumbashi-7-1-300x200.jpg 300w, https:\/\/awnr.org\/wp-content\/uploads\/2025\/10\/lubumbashi-7-1-768x512.jpg 768w, https:\/\/awnr.org\/wp-content\/uploads\/2025\/10\/lubumbashi-7-1-1536x1024.jpg 1536w, https:\/\/awnr.org\/wp-content\/uploads\/2025\/10\/lubumbashi-7-1-2048x1365.jpg 2048w\" sizes=\"auto, (max-width: 1024px) 100vw, 1024px\" \/><\/figure>\n\n\n\n<div style=\"height:8px\" aria-hidden=\"true\" class=\"wp-block-spacer\"><\/div>\n\n\n\n<p>Il comptait parmi ses intervenants :<\/p>\n\n\n\n<div style=\"height:8px\" aria-hidden=\"true\" class=\"wp-block-spacer\"><\/div>\n\n\n\n<ol class=\"wp-block-list\">\n<li>Le Directeur provincial du Cadastre Minier (CAMI) du Haut-Katanga ;<\/li>\n\n\n\n<li>Le repr\u00e9sentant des communaut\u00e9s locales du Haut-Katanga ;<\/li>\n\n\n\n<li>La repr\u00e9sentante de la d\u00e9l\u00e9gation de l\u2019Union europ\u00e9enne en RDC ;<\/li>\n<\/ol>\n\n\n\n<div style=\"height:11px\" aria-hidden=\"true\" class=\"wp-block-spacer\"><\/div>\n\n\n\n<p>Et <strong>Me Jean-Pierre Okenda<\/strong>, Pr\u00e9sident de la Coalition africaine sur les min\u00e9raux verts et Directeur Ex\u00e9cutif de la Sentinelle des Ressources naturelles qui durant son intervention a insist\u00e9 sur la n\u00e9cessit\u00e9 pour les <strong>accords bilat\u00e9raux et multilat\u00e9raux<\/strong> de <strong>tenir compte du bien-\u00eatre des communaut\u00e9s locales<\/strong>, au-del\u00e0 des consid\u00e9rations purement \u00e9conomiques, et de promouvoir une <strong>exploitation responsable<\/strong> des ressources strat\u00e9giques.<\/p>\n\n\n\n<div style=\"height:8px\" aria-hidden=\"true\" class=\"wp-block-spacer\"><\/div>\n\n\n\n<p>Ainsi, Mme <strong>Johanna<\/strong> <strong>KAMALA<\/strong> a conclu le panel en disant que gr\u00e2ce \u00e0 sa position g\u00e9ostrat\u00e9gique mondiale, la <strong>R\u00e9publique D\u00e9mocratique du Congo<\/strong> affirme son r\u00f4le de <strong>carrefour incontournable<\/strong> sur la <strong>transition \u00e9nerg\u00e9tique<\/strong>, la <strong>souverainet\u00e9 mini\u00e8re<\/strong> et la <strong>justice socio-environnementale<\/strong> en Afrique centrale.<\/p>\n\n\n\n<p><\/p>\n\n\n\n<p><\/p>\n\n\n\n<p><\/p>\n","protected":false},"excerpt":{"rendered":"<p>Du 29 au 31 octobre 2025, le Pullman Grand Karavia de Lubumbashi, dans la province du Haut-Katanga, accueille la 9\u1d49 \u00e9dition de l\u2019Alternative Mining Indaba RDC (AMI-RDC), \u00e0 laquelle African Women for Natural Resources (AWNR) prend activement part. Cette rencontre majeure r\u00e9unit des acteurs de la soci\u00e9t\u00e9 civile, des repr\u00e9sentants gouvernementaux, des experts du secteur [&hellip;]<\/p>\n","protected":false},"author":2,"featured_media":1003,"comment_status":"open","ping_status":"open","sticky":false,"template":"","format":"standard","meta":{"footnotes":""},"categories":[17],"tags":[],"class_list":["post-968","post","type-post","status-publish","format-standard","has-post-thumbnail","hentry","category-conservation-environnementale"],"_links":{"self":[{"href":"https:\/\/awnr.org\/index.php\/wp-json\/wp\/v2\/posts\/968","targetHints":{"allow":["GET"]}}],"collection":[{"href":"https:\/\/awnr.org\/index.php\/wp-json\/wp\/v2\/posts"}],"about":[{"href":"https:\/\/awnr.org\/index.php\/wp-json\/wp\/v2\/types\/post"}],"author":[{"embeddable":true,"href":"https:\/\/awnr.org\/index.php\/wp-json\/wp\/v2\/users\/2"}],"replies":[{"embeddable":true,"href":"https:\/\/awnr.org\/index.php\/wp-json\/wp\/v2\/comments?post=968"}],"version-history":[{"count":38,"href":"https:\/\/awnr.org\/index.php\/wp-json\/wp\/v2\/posts\/968\/revisions"}],"predecessor-version":[{"id":1212,"href":"https:\/\/awnr.org\/index.php\/wp-json\/wp\/v2\/posts\/968\/revisions\/1212"}],"wp:featuredmedia":[{"embeddable":true,"href":"https:\/\/awnr.org\/index.php\/wp-json\/wp\/v2\/media\/1003"}],"wp:attachment":[{"href":"https:\/\/awnr.org\/index.php\/wp-json\/wp\/v2\/media?parent=968"}],"wp:term":[{"taxonomy":"category","embeddable":true,"href":"https:\/\/awnr.org\/index.php\/wp-json\/wp\/v2\/categories?post=968"},{"taxonomy":"post_tag","embeddable":true,"href":"https:\/\/awnr.org\/index.php\/wp-json\/wp\/v2\/tags?post=968"}],"curies":[{"name":"wp","href":"https:\/\/api.w.org\/{rel}","templated":true}]}}