{"id":925,"date":"2025-09-27T16:40:00","date_gmt":"2025-09-27T14:40:00","guid":{"rendered":"https:\/\/kamfoundationrdc.org\/?p=925"},"modified":"2025-10-20T20:11:24","modified_gmt":"2025-10-20T18:11:24","slug":"kam-foundation-co-organisatrice-de-la-1ere-semaine-nationale-pharmaceutique-a-kinshasa","status":"publish","type":"post","link":"https:\/\/awnr.org\/index.php\/2025\/09\/27\/kam-foundation-co-organisatrice-de-la-1ere-semaine-nationale-pharmaceutique-a-kinshasa\/","title":{"rendered":"KAM Foundation, co-organisatrice de la 1\u00e8re Semaine Nationale Pharmaceutique \u00e0 Kinshasa"},"content":{"rendered":"\n<p>KAM Foundation a eu l\u2019honneur de participer du 22 au 27 Septembre 2025 \u00e0 la premi\u00e8re \u00e9dition de la Semaine Nationale Pharmaceutique, organis\u00e9e \u00e0 Kinshasa par l\u2019Association Nationale des \u00c9tudiants en Pharmacie de la RDC (ANEP-RDC). Un \u00e9v\u00e9nement majeur plac\u00e9 sous le th\u00e8me : <strong>\u00ab L\u2019apport des m\u00e9dicaments dans la r\u00e9ussite de la Couverture Sant\u00e9 Universelle en RDC : d\u00e9fis et perspectives \u00bb.<\/strong><\/p>\n\n\n\n<div style=\"height:13px\" aria-hidden=\"true\" class=\"wp-block-spacer\"><\/div>\n\n\n\n<p>Dans le cadre de cette initiative, KAM Foundation s\u2019est engag\u00e9e en tant que partenaire d&rsquo;encadrement et co-organisateur aux c\u00f4t\u00e9s de la jeunesse estudiantine du secteur pharmaceutique. Cette collaboration a eu pour but d\u2019amplifier la voix des futurs professionnels de sant\u00e9, tout en mettant en lumi\u00e8re le r\u00f4le strat\u00e9gique que joue le m\u00e9dicament dans la mise en \u0153uvre de la Couverture Sant\u00e9 Universelle (CSU) en RDC.<\/p>\n\n\n\n<div style=\"height:15px\" aria-hidden=\"true\" class=\"wp-block-spacer\"><\/div>\n\n\n\n<p>Il est important de rappeler que la CSU constitue le socle des politiques de sant\u00e9 publique \u00e0 l\u2019\u00e9chelle mondiale. Elle vise \u00e0 garantir \u00e0 chaque citoyen un acc\u00e8s \u00e9quitable \u00e0 des soins de qualit\u00e9, incluant les m\u00e9dicaments essentiels, \u00e0 des co\u00fbts abordables.<\/p>\n\n\n\n<div style=\"height:9px\" aria-hidden=\"true\" class=\"wp-block-spacer\"><\/div>\n\n\n\n<p>Fid\u00e8le \u00e0 sa vision du d\u00e9veloppement social, KAM Foundation consid\u00e8re que la sant\u00e9 est un secteur transversal, intimement li\u00e9 \u00e0 d\u2019autres domaines cl\u00e9s comme l\u2019\u00e9ducation, l\u2019environnement, la gestion durable des ressources naturelles, et les politiques publiques \u00e0 long terme.<\/p>\n\n\n\n<div style=\"height:11px\" aria-hidden=\"true\" class=\"wp-block-spacer\"><\/div>\n\n\n\n<figure class=\"wp-block-gallery has-nested-images columns-default is-cropped wp-block-gallery-1 is-layout-flex wp-block-gallery-is-layout-flex\">\n<figure class=\"wp-block-image size-large\"><img loading=\"lazy\" decoding=\"async\" width=\"1024\" height=\"768\" data-id=\"934\" src=\"https:\/\/kamfoundationrdc.org\/wp-content\/uploads\/2025\/09\/1001138903-1024x768.jpg\" alt=\"\" class=\"wp-image-934\" srcset=\"https:\/\/awnr.org\/wp-content\/uploads\/2025\/09\/1001138903-1024x768.jpg 1024w, https:\/\/awnr.org\/wp-content\/uploads\/2025\/09\/1001138903-300x225.jpg 300w, https:\/\/awnr.org\/wp-content\/uploads\/2025\/09\/1001138903-768x576.jpg 768w, https:\/\/awnr.org\/wp-content\/uploads\/2025\/09\/1001138903.jpg 1080w\" sizes=\"auto, (max-width: 1024px) 100vw, 1024px\" \/><\/figure>\n<\/figure>\n\n\n\n<div style=\"height:14px\" aria-hidden=\"true\" class=\"wp-block-spacer\"><\/div>\n\n\n\n<p>De plus, <strong>Madame Johanna KAMALA<\/strong>, Directrice Nationale de KAM Foundation, a eu l\u2019honneur de mod\u00e9rer le tout premier panel de haut niveau regroupant les autorit\u00e9s gouvernementales impliqu\u00e9es dans la mise en \u0153uvre de la CSU, \u00e0 l\u2019occasion de la Journ\u00e9e Mondiale des Pharmaciens, c\u00e9l\u00e9br\u00e9e le 25 septembre de chaque ann\u00e9e.<\/p>\n\n\n\n<div style=\"height:9px\" aria-hidden=\"true\" class=\"wp-block-spacer\"><\/div>\n\n\n\n<p>un panel r\u00e9unissant : Repr\u00e9sentants \u00e9tatiques dont le <strong>Dr Polydore KABILA<\/strong> Coordonnateur du Conseil National de la CSU (CNCSU), le DG du Fonds de Promotion de la Sant\u00e9 (FPS), le DG de l&rsquo;ARC-CSU et le Pr\u00e9sident nationale de l&rsquo;ordre des pharmaciens.<\/p>\n\n\n\n<div style=\"height:11px\" aria-hidden=\"true\" class=\"wp-block-spacer\"><\/div>\n\n\n\n<figure class=\"wp-block-gallery has-nested-images columns-default is-cropped wp-block-gallery-2 is-layout-flex wp-block-gallery-is-layout-flex\">\n<figure class=\"wp-block-image size-large\"><img loading=\"lazy\" decoding=\"async\" width=\"1024\" height=\"683\" data-id=\"945\" src=\"https:\/\/kamfoundationrdc.org\/wp-content\/uploads\/2025\/09\/1001143524-1-1024x683.jpg\" alt=\"\" class=\"wp-image-945\" srcset=\"https:\/\/awnr.org\/wp-content\/uploads\/2025\/09\/1001143524-1-1024x683.jpg 1024w, https:\/\/awnr.org\/wp-content\/uploads\/2025\/09\/1001143524-1-300x200.jpg 300w, https:\/\/awnr.org\/wp-content\/uploads\/2025\/09\/1001143524-1-768x512.jpg 768w, https:\/\/awnr.org\/wp-content\/uploads\/2025\/09\/1001143524-1-1536x1025.jpg 1536w, https:\/\/awnr.org\/wp-content\/uploads\/2025\/09\/1001143524-1-2048x1366.jpg 2048w\" sizes=\"auto, (max-width: 1024px) 100vw, 1024px\" \/><\/figure>\n<\/figure>\n\n\n\n<div style=\"height:8px\" aria-hidden=\"true\" class=\"wp-block-spacer\"><\/div>\n\n\n\n<p>Ce panel a permis d\u2019aborder des avanc\u00e9es concr\u00e8tes, notamment  :<\/p>\n\n\n\n<div style=\"height:9px\" aria-hidden=\"true\" class=\"wp-block-spacer\"><\/div>\n\n\n\n<ol class=\"wp-block-list\">\n<li><strong>le renforcement de l\u2019Autorit\u00e9 Congolaise de R\u00e9glementation Pharmaceutique (ACOREP)<\/strong>, charg\u00e9e de l&rsquo;autorisation de mise sur le march\u00e9, de la r\u00e9glementation des officines et de la pharmacovigilance.<\/li>\n\n\n\n<li> La mise en lumi\u00e8re de la <strong>signature r\u00e9cente de d\u00e9crets<\/strong> sur le <strong>Syst\u00e8me National du M\u00e9dicament (SNM)<\/strong> et sur <strong>l\u2019Agence Nationale d\u2019Approvisionnement en M\u00e9dicaments (ANEM)<\/strong>, pour garantir la disponibilit\u00e9 de m\u00e9dicaments de qualit\u00e9 \u00e0 l\u2019\u00e9chelle nationale.<\/li>\n\n\n\n<li>L\u2019appel lanc\u00e9 aux <strong>pharmaciens congolais \u00e0 investir dans la production locale<\/strong>, afin d&rsquo;assurer un d\u00e9veloppement durable du secteur pharmaceutique.<\/li>\n<\/ol>\n\n\n\n<div style=\"height:10px\" aria-hidden=\"true\" class=\"wp-block-spacer\"><\/div>\n\n\n\n<figure class=\"wp-block-gallery has-nested-images columns-default is-cropped wp-block-gallery-3 is-layout-flex wp-block-gallery-is-layout-flex\">\n<figure class=\"wp-block-image size-large\"><img loading=\"lazy\" decoding=\"async\" width=\"920\" height=\"614\" data-id=\"947\" src=\"https:\/\/kamfoundationrdc.org\/wp-content\/uploads\/2025\/09\/1001141622.jpg\" alt=\"\" class=\"wp-image-947\" srcset=\"https:\/\/awnr.org\/wp-content\/uploads\/2025\/09\/1001141622.jpg 920w, https:\/\/awnr.org\/wp-content\/uploads\/2025\/09\/1001141622-300x200.jpg 300w, https:\/\/awnr.org\/wp-content\/uploads\/2025\/09\/1001141622-768x513.jpg 768w\" sizes=\"auto, (max-width: 920px) 100vw, 920px\" \/><\/figure>\n<\/figure>\n\n\n\n<div style=\"height:12px\" aria-hidden=\"true\" class=\"wp-block-spacer\"><\/div>\n\n\n\n<h4 class=\"wp-block-heading\"><strong>Une jeunesse pharmaceutique mobilis\u00e9e pour l\u2019avenir de la CSU<\/strong><\/h4>\n\n\n\n<div style=\"height:13px\" aria-hidden=\"true\" class=\"wp-block-spacer\"><\/div>\n\n\n\n<p>Cette semaine a surtout \u00e9t\u00e9 l\u2019occasion de valoriser la profession pharmaceutique, de promouvoir son r\u00f4le fondamental dans les syst\u00e8mes de sant\u00e9, et d&rsquo;encourager une jeunesse engag\u00e9e \u00e0 contribuer activement \u00e0 l\u2019\u00e9volution du secteur pharmaceutique congolais.<\/p>\n\n\n\n<div style=\"height:11px\" aria-hidden=\"true\" class=\"wp-block-spacer\"><\/div>\n\n\n\n<div style=\"height:8px\" aria-hidden=\"true\" class=\"wp-block-spacer\"><\/div>\n\n\n\n<figure class=\"wp-block-gallery has-nested-images columns-default is-cropped wp-block-gallery-4 is-layout-flex wp-block-gallery-is-layout-flex\">\n<figure class=\"wp-block-image size-large\"><img loading=\"lazy\" decoding=\"async\" width=\"683\" height=\"1024\" data-id=\"946\" src=\"https:\/\/kamfoundationrdc.org\/wp-content\/uploads\/2025\/09\/1001144771-683x1024.jpg\" alt=\"\" class=\"wp-image-946\" srcset=\"https:\/\/awnr.org\/wp-content\/uploads\/2025\/09\/1001144771-683x1024.jpg 683w, https:\/\/awnr.org\/wp-content\/uploads\/2025\/09\/1001144771-200x300.jpg 200w, https:\/\/awnr.org\/wp-content\/uploads\/2025\/09\/1001144771.jpg 720w\" sizes=\"auto, (max-width: 683px) 100vw, 683px\" \/><\/figure>\n<\/figure>\n\n\n\n<div style=\"height:10px\" aria-hidden=\"true\" class=\"wp-block-spacer\"><\/div>\n\n\n\n<p>De l\u2019atelier d\u2019ouverture \u00e0 la journ\u00e9e d\u00e9di\u00e9e aux pharmaciens, en passant par des actions de sensibilisation et une soir\u00e9e de cl\u00f4ture ax\u00e9e sur le r\u00e9seautage, cette semaine a renforc\u00e9 notre engagement \u00e0 soutenir les initiatives qui placent l\u2019autonomisation et le leadership des jeunes au c\u0153ur du d\u00e9veloppement durable en RDC<\/p>\n\n\n\n<div style=\"height:14px\" aria-hidden=\"true\" class=\"wp-block-spacer\"><\/div>\n\n\n\n<p>Ci-bas, retrouver et t\u00e9l\u00e9charger le rapport de la premi\u00e8re \u00e9dition de la semaine pharmaceutique : <\/p>\n\n\n\n<div style=\"height:8px\" aria-hidden=\"true\" class=\"wp-block-spacer\"><\/div>\n\n\n\n<div data-wp-interactive=\"core\/file\" class=\"wp-block-file\"><object data-wp-bind--hidden=\"!state.hasPdfPreview\" hidden class=\"wp-block-file__embed\" data=\"https:\/\/kamfoundationrdc.org\/wp-content\/uploads\/2025\/09\/RAPPORT_TECHNIQUE_SNP_KAM_Foundation_RDC_01_SW.pdf\" type=\"application\/pdf\" style=\"width:100%;height:600px\" aria-label=\"Contenu embarqu\u00e9 RAPPORT_TECHNIQUE_SNP_KAM_Foundation_RDC_01_SW.\"><\/object><a id=\"wp-block-file--media-3b21f5af-1933-4062-81da-9cd31b3edbaa\" href=\"https:\/\/kamfoundationrdc.org\/wp-content\/uploads\/2025\/09\/RAPPORT_TECHNIQUE_SNP_KAM_Foundation_RDC_01_SW.pdf\">RAPPORT_TECHNIQUE_SNP_KAM_Foundation_RDC_01_SW<\/a><a href=\"https:\/\/kamfoundationrdc.org\/wp-content\/uploads\/2025\/09\/RAPPORT_TECHNIQUE_SNP_KAM_Foundation_RDC_01_SW.pdf\" class=\"wp-block-file__button wp-element-button\" download aria-describedby=\"wp-block-file--media-3b21f5af-1933-4062-81da-9cd31b3edbaa\">T\u00e9l\u00e9charger<\/a><\/div>\n","protected":false},"excerpt":{"rendered":"<p>KAM Foundation a eu l\u2019honneur de participer du 22 au 27 Septembre 2025 \u00e0 la premi\u00e8re \u00e9dition de la Semaine Nationale Pharmaceutique, organis\u00e9e \u00e0 Kinshasa par l\u2019Association Nationale des \u00c9tudiants en Pharmacie de la RDC (ANEP-RDC). Un \u00e9v\u00e9nement majeur plac\u00e9 sous le th\u00e8me : \u00ab L\u2019apport des m\u00e9dicaments dans la r\u00e9ussite de la Couverture Sant\u00e9 [&hellip;]<\/p>\n","protected":false},"author":2,"featured_media":932,"comment_status":"open","ping_status":"open","sticky":false,"template":"","format":"standard","meta":{"footnotes":""},"categories":[19],"tags":[],"class_list":["post-925","post","type-post","status-publish","format-standard","has-post-thumbnail","hentry","category-kam-for-youth"],"_links":{"self":[{"href":"https:\/\/awnr.org\/index.php\/wp-json\/wp\/v2\/posts\/925","targetHints":{"allow":["GET"]}}],"collection":[{"href":"https:\/\/awnr.org\/index.php\/wp-json\/wp\/v2\/posts"}],"about":[{"href":"https:\/\/awnr.org\/index.php\/wp-json\/wp\/v2\/types\/post"}],"author":[{"embeddable":true,"href":"https:\/\/awnr.org\/index.php\/wp-json\/wp\/v2\/users\/2"}],"replies":[{"embeddable":true,"href":"https:\/\/awnr.org\/index.php\/wp-json\/wp\/v2\/comments?post=925"}],"version-history":[{"count":10,"href":"https:\/\/awnr.org\/index.php\/wp-json\/wp\/v2\/posts\/925\/revisions"}],"predecessor-version":[{"id":966,"href":"https:\/\/awnr.org\/index.php\/wp-json\/wp\/v2\/posts\/925\/revisions\/966"}],"wp:featuredmedia":[{"embeddable":true,"href":"https:\/\/awnr.org\/index.php\/wp-json\/wp\/v2\/media\/932"}],"wp:attachment":[{"href":"https:\/\/awnr.org\/index.php\/wp-json\/wp\/v2\/media?parent=925"}],"wp:term":[{"taxonomy":"category","embeddable":true,"href":"https:\/\/awnr.org\/index.php\/wp-json\/wp\/v2\/categories?post=925"},{"taxonomy":"post_tag","embeddable":true,"href":"https:\/\/awnr.org\/index.php\/wp-json\/wp\/v2\/tags?post=925"}],"curies":[{"name":"wp","href":"https:\/\/api.w.org\/{rel}","templated":true}]}}