{"id":915,"date":"2025-09-09T10:00:00","date_gmt":"2025-09-09T08:00:00","guid":{"rendered":"https:\/\/kamfoundationrdc.org\/?p=915"},"modified":"2025-09-12T10:50:14","modified_gmt":"2025-09-12T08:50:14","slug":"atelier-special-de-haut-niveau-sur-la-gouvernance-miniere-en-republique-democratique-du-congo","status":"publish","type":"post","link":"https:\/\/awnr.org\/index.php\/2025\/09\/09\/atelier-special-de-haut-niveau-sur-la-gouvernance-miniere-en-republique-democratique-du-congo\/","title":{"rendered":"Atelier Sp\u00e9cial de haut niveau sur la gouvernance mini\u00e8re en R\u00e9publique D\u00e9mocratique du Congo"},"content":{"rendered":"\n<p>Du 9 au 12 septembre 2025, nous participons \u00e0 l\u2019atelier organis\u00e9 \u00e0 Lubumbashi par la Chambre des Mines de la FEC, l\u2019ITIE-RDC et IDAK. Cet \u00e9v\u00e9nement de haut niveau r\u00e9unit des acteurs cl\u00e9s du secteur minier afin de dresser un bilan critique, de partager des exp\u00e9riences de terrain et de formuler des recommandations concr\u00e8tes visant \u00e0 renforcer l\u2019efficacit\u00e9 des m\u00e9canismes de gouvernance existants.<\/p>\n\n\n\n<div style=\"height:9px\" aria-hidden=\"true\" class=\"wp-block-spacer\"><\/div>\n\n\n\n<figure class=\"wp-block-image size-large\"><img loading=\"lazy\" decoding=\"async\" width=\"1024\" height=\"683\" src=\"https:\/\/kamfoundationrdc.org\/wp-content\/uploads\/2025\/09\/20250910_155853-1024x683.jpg\" alt=\"\" class=\"wp-image-916\" srcset=\"https:\/\/awnr.org\/wp-content\/uploads\/2025\/09\/20250910_155853-1024x683.jpg 1024w, https:\/\/awnr.org\/wp-content\/uploads\/2025\/09\/20250910_155853-300x200.jpg 300w, https:\/\/awnr.org\/wp-content\/uploads\/2025\/09\/20250910_155853-768x512.jpg 768w, https:\/\/awnr.org\/wp-content\/uploads\/2025\/09\/20250910_155853.jpg 1080w\" sizes=\"auto, (max-width: 1024px) 100vw, 1024px\" \/><\/figure>\n\n\n\n<div style=\"height:11px\" aria-hidden=\"true\" class=\"wp-block-spacer\"><\/div>\n\n\n\n<p>Pour KAM Foundation, cette rencontre constitue une opportunit\u00e9 strat\u00e9gique et enrichissante. Elle s\u2019inscrit dans la continuit\u00e9 de nos <strong>recherches sur l \u2019<strong>Exploitation Mini\u00e8re Artisanale et \u00e0 Petite \u00c9chelle (EMAPE)<\/strong><\/strong>, qui portent sur les <strong>enjeux, d\u00e9fis et perspectives du secteur d\u2019extraction mini\u00e8re<\/strong>.<\/p>\n\n\n\n<div style=\"height:11px\" aria-hidden=\"true\" class=\"wp-block-spacer\"><\/div>\n\n\n\n<p>Notre participation \u00e0 cet atelier vise avant tout \u00e0 ouvrir des perspectives \u00e0 travers les discussions et \u00e0 mettre en lumi\u00e8re le r\u00f4le d\u00e9terminant que peut jouer la <strong>dotation de 0,3 % du chiffre d\u2019affaires des entreprises mini\u00e8res<\/strong>, telle que pr\u00e9vue par le Code minier, dans le d\u00e9veloppement social des communaut\u00e9s locales. Dans le cadre de nos actions, nous consid\u00e9rons cette ressource comme un levier strat\u00e9gique pour soutenir des projets concrets et durables dans des domaines essentiels tels que l\u2019\u00e9ducation, la sant\u00e9, l\u2019acc\u00e8s \u00e0 l\u2019eau et les infrastructures de base.<\/p>\n\n\n\n<div style=\"height:13px\" aria-hidden=\"true\" class=\"wp-block-spacer\"><\/div>\n\n\n\n<p>Parall\u00e8lement, KAM Foundation s\u2019engage activement dans la protection de l\u2019environnement et des ressources naturelles, en analysant les liens \u00e9troits entre exploitation artisanale et pr\u00e9servation des \u00e9cosyst\u00e8mes. Cette approche int\u00e9gr\u00e9e nous permet de mieux comprendre les <strong>d\u00e9fis li\u00e9s \u00e0 l\u2019EMAPE<\/strong>, tout en explorant les <strong>perspectives de durabilit\u00e9<\/strong> et les opportunit\u00e9s de formalisation de cette activit\u00e9.<\/p>\n\n\n\n<div style=\"height:12px\" aria-hidden=\"true\" class=\"wp-block-spacer\"><\/div>\n\n\n\n<p>\u00c0 ce titre, KAM Foundation a formul\u00e9 des recommandations qui sont les suivantes :<\/p>\n\n\n\n<div style=\"height:13px\" aria-hidden=\"true\" class=\"wp-block-spacer\"><\/div>\n\n\n\n<ol class=\"wp-block-list\">\n<li>Garantir une gestion claire et tra\u00e7able de la dotation de 0,3 %, en impliquant directement les communaut\u00e9s locales dans la d\u00e9finition des priorit\u00e9s et des projets \u00e0 financer.<\/li>\n\n\n\n<li>Orienter les fonds vers des initiatives \u00e0 fort impact social (\u00e9ducation, sant\u00e9, acc\u00e8s \u00e0 l\u2019eau, infrastructures et protection de l\u2019environnement) tout en impliquant activement les communaut\u00e9s b\u00e9n\u00e9ficiaires dans les m\u00e9canismes de planification.<\/li>\n\n\n\n<li>Renforcer les comp\u00e9tences des acteurs locaux et instaurer un m\u00e9canisme de suivi participatif impliquant toutes les parties prenantes, afin de garantir une gestion autonome, efficace et durable des projets.<\/li>\n<\/ol>\n\n\n\n<div style=\"height:15px\" aria-hidden=\"true\" class=\"wp-block-spacer\"><\/div>\n\n\n\n<p>Les \u00e9changes et r\u00e9flexions men\u00e9s dans le cadre de l\u2019atelier de Lubumbashi viendront nourrir nos travaux et renforcer nos analyses. Les r\u00e9sultats de notre \u00e9tude feront l\u2019objet d\u2019un rapport d\u00e9taill\u00e9, \u00e0 para\u00eetre dans les prochains jours, avec l\u2019ambition d\u2019apporter une <strong>contribution constructive<\/strong> aux initiatives de gouvernance mini\u00e8re, et de promouvoir un secteur qui concilie <strong>d\u00e9veloppement socio-\u00e9conomique des communaut\u00e9s<\/strong>, <strong>artisanat minier responsable<\/strong> et <strong>protection de l\u2019environnement<\/strong>.<\/p>\n\n\n\n<div style=\"height:11px\" aria-hidden=\"true\" class=\"wp-block-spacer\"><\/div>\n\n\n\n<p><\/p>\n","protected":false},"excerpt":{"rendered":"<p>Du 9 au 12 septembre 2025, nous participons \u00e0 l\u2019atelier organis\u00e9 \u00e0 Lubumbashi par la Chambre des Mines de la FEC, l\u2019ITIE-RDC et IDAK. Cet \u00e9v\u00e9nement de haut niveau r\u00e9unit des acteurs cl\u00e9s du secteur minier afin de dresser un bilan critique, de partager des exp\u00e9riences de terrain et de formuler des recommandations concr\u00e8tes visant [&hellip;]<\/p>\n","protected":false},"author":2,"featured_media":919,"comment_status":"open","ping_status":"open","sticky":false,"template":"","format":"standard","meta":{"footnotes":""},"categories":[17,16,19,18],"tags":[],"class_list":["post-915","post","type-post","status-publish","format-standard","has-post-thumbnail","hentry","category-conservation-environnementale","category-renforcement-des-capacites","category-kam-for-youth","category-notre-action-pour-leur-sourire"],"_links":{"self":[{"href":"https:\/\/awnr.org\/index.php\/wp-json\/wp\/v2\/posts\/915","targetHints":{"allow":["GET"]}}],"collection":[{"href":"https:\/\/awnr.org\/index.php\/wp-json\/wp\/v2\/posts"}],"about":[{"href":"https:\/\/awnr.org\/index.php\/wp-json\/wp\/v2\/types\/post"}],"author":[{"embeddable":true,"href":"https:\/\/awnr.org\/index.php\/wp-json\/wp\/v2\/users\/2"}],"replies":[{"embeddable":true,"href":"https:\/\/awnr.org\/index.php\/wp-json\/wp\/v2\/comments?post=915"}],"version-history":[{"count":3,"href":"https:\/\/awnr.org\/index.php\/wp-json\/wp\/v2\/posts\/915\/revisions"}],"predecessor-version":[{"id":923,"href":"https:\/\/awnr.org\/index.php\/wp-json\/wp\/v2\/posts\/915\/revisions\/923"}],"wp:featuredmedia":[{"embeddable":true,"href":"https:\/\/awnr.org\/index.php\/wp-json\/wp\/v2\/media\/919"}],"wp:attachment":[{"href":"https:\/\/awnr.org\/index.php\/wp-json\/wp\/v2\/media?parent=915"}],"wp:term":[{"taxonomy":"category","embeddable":true,"href":"https:\/\/awnr.org\/index.php\/wp-json\/wp\/v2\/categories?post=915"},{"taxonomy":"post_tag","embeddable":true,"href":"https:\/\/awnr.org\/index.php\/wp-json\/wp\/v2\/tags?post=915"}],"curies":[{"name":"wp","href":"https:\/\/api.w.org\/{rel}","templated":true}]}}