{"id":892,"date":"2025-08-09T14:00:00","date_gmt":"2025-08-09T12:00:00","guid":{"rendered":"https:\/\/kamfoundationrdc.org\/?p=892"},"modified":"2025-08-11T15:56:34","modified_gmt":"2025-08-11T13:56:34","slug":"webinaire-promouvoir-leducation-environnementale-pour-une-exploitation-miniere-responsable-et-egalitaire-en-rdc","status":"publish","type":"post","link":"https:\/\/awnr.org\/index.php\/2025\/08\/09\/webinaire-promouvoir-leducation-environnementale-pour-une-exploitation-miniere-responsable-et-egalitaire-en-rdc\/","title":{"rendered":"Promouvoir l\u2019\u00e9ducation environnementale pour une exploitation mini\u00e8re responsable et \u00e9galitaire en RDC"},"content":{"rendered":"\n<p>La R\u00e9publique D\u00e9mocratique du Congo (RDC), riche de ses ressources naturelles abondantes, fait face \u00e0 un d\u00e9fi majeur : concilier exploitation mini\u00e8re, protection de l\u2019environnement et bien-\u00eatre des communaut\u00e9s locales. Lors de ce r\u00e9cent webinaire intitul\u00e9 <strong>\u00ab Promouvoir l\u2019\u00e9ducation environnementale pour une exploitation mini\u00e8re responsable et \u00e9galitaire en RDC \u00bb<\/strong>, et anim\u00e9 par des experts du secteur minier, des repr\u00e9sentants \u00e9tatiques et des membres de la soci\u00e9t\u00e9 civile, cette rencontre vise \u00e0 sensibiliser et informer sur les enjeux d\u2019une exploitation mini\u00e8re respectueuse de l\u2019environnement ainsi qu&rsquo; \u00e9quitable.<\/p>\n\n\n\n<div style=\"height:8px\" aria-hidden=\"true\" class=\"wp-block-spacer\"><\/div>\n\n\n\n<h2 class=\"wp-block-heading\"><strong>\u00c9ducation environnementale : un outil cl\u00e9 pour les communaut\u00e9s mini\u00e8res<\/strong><\/h2>\n\n\n\n<div style=\"height:5px\" aria-hidden=\"true\" class=\"wp-block-spacer\"><\/div>\n\n\n\n<p><strong>Me Paul NOUMBY<\/strong>: Avocat KBB LAW FIRM SCP et expert en droit minier, a rappel\u00e9 lors de son intervention que la l\u00e9gislation congolaise, notamment le Code minier de 2018 et la loi environnementale de 2011, impose des \u00e9tudes d\u2019impact environnemental avant toute exploitation. Ces textes l\u00e9gaux pr\u00e9voient aussi une \u00e9ducation environnementale et une participation active des communaut\u00e9s. Pourtant, dans la pratique, les populations locales sont souvent exclues du processus d\u00e9cisionnel, face \u00e0 de puissantes entreprises mini\u00e8res.<\/p>\n\n\n\n<div style=\"height:6px\" aria-hidden=\"true\" class=\"wp-block-spacer\"><\/div>\n\n\n\n<p>Pour lui, il est essentiel que l\u2019\u00e9ducation environnementale soit adapt\u00e9e aux r\u00e9alit\u00e9s des zones mini\u00e8res, souvent isol\u00e9es, et qu\u2019elle int\u00e8gre les savoirs traditionnels locaux. Cette approche permettra d\u2019autonomiser les communaut\u00e9s, de promouvoir la transparence et d\u2019\u00e9quilibrer d\u00e9veloppement \u00e9conomique et protection environnementale.<\/p>\n\n\n\n<div style=\"height:12px\" aria-hidden=\"true\" class=\"wp-block-spacer\"><\/div>\n\n\n\n<h2 class=\"wp-block-heading\"><strong>Renforcer les capacit\u00e9s pour des pratiques mini\u00e8res durables<\/strong><\/h2>\n\n\n\n<div style=\"height:6px\" aria-hidden=\"true\" class=\"wp-block-spacer\"><\/div>\n\n\n\n<p>Du c\u00f4t\u00e9 des acteurs de la soci\u00e9t\u00e9 civile, <strong>Mr Mamadou Lamarana DIALLO<\/strong> Co paneliste et Chef de programme chez Action Mine Guin\u00e9e, a soulign\u00e9 l\u2019importance de former les autorit\u00e9s, les entreprises et les communaut\u00e9s aux bonnes pratiques environnementale car sans comp\u00e9tences et ressources suffisantes, il est difficile d\u2019appliquer rigoureusement les lois en vigueur, ce qui aggrave les impacts n\u00e9gatifs comme la pollution et la perte de biodiversit\u00e9.<\/p>\n\n\n\n<div style=\"height:11px\" aria-hidden=\"true\" class=\"wp-block-spacer\"><\/div>\n\n\n\n<p>Tandis que <strong>Me Emmanuel Makengo<\/strong>, avocat et pr\u00e9sident de l\u2019ONG C\u2019est L\u00e9gal, a \u00e9galement insist\u00e9 sur le r\u00f4le crucial des exploitants artisanaux, particuli\u00e8rement en Ituri, souvent exclus des initiatives de bonne gouvernance. Leur inclusion et formation sont indispensables pour r\u00e9duire les impacts environnementaux et favoriser une exploitation plus responsable.<\/p>\n\n\n\n<div style=\"height:7px\" aria-hidden=\"true\" class=\"wp-block-spacer\"><\/div>\n\n\n\n<div style=\"height:6px\" aria-hidden=\"true\" class=\"wp-block-spacer\"><\/div>\n\n\n\n<h2 class=\"wp-block-heading\"><strong>L\u2019\u00e9ducation : un levier pour une gestion \u00e9quitable des richesses<\/strong><\/h2>\n\n\n\n<div style=\"height:9px\" aria-hidden=\"true\" class=\"wp-block-spacer\"><\/div>\n\n\n\n<p><strong>Me Vincent NGOYI,<\/strong> avocat et expert en environnement, a mis en lumi\u00e8re le paradoxe de la RDC, qualifi\u00e9e de \u00ab scandale g\u00e9ologique \u00bb : un pays aux ressources inestimables, mais o\u00f9 la pauvret\u00e9 reste tr\u00e8s r\u00e9pandue en raison d\u2019une gouvernance d\u00e9ficiente. L\u2019\u00e9ducation, selon lui, est la cl\u00e9 pour former des experts comp\u00e9tents, sensibiliser les populations \u00e0 leurs droits et combattre la corruption. Ce double r\u00f4le technique et citoyen est fondamental pour assurer une gestion durable, \u00e9quitable et protectrice de l\u2019environnement.<\/p>\n\n\n\n<h2 class=\"wp-block-heading\"><strong>Gouvernance inclusive et lutte contre la corruption<\/strong><\/h2>\n\n\n\n<div style=\"height:9px\" aria-hidden=\"true\" class=\"wp-block-spacer\"><\/div>\n\n\n\n<p><strong>Mr Hugues MUNUNG<\/strong> : charg\u00e9 d&rsquo;environnement et d\u00e9veloppement Communautaire MUMI Sarl, a insist\u00e9 sur la n\u00e9cessit\u00e9 d\u2019une int\u00e9grit\u00e9 sans faille et d\u2019une \u00e9ducation pr\u00e9coce pour lutter contre la corruption, qui freine souvent la mise en \u0153uvre des normes environnementales. d&rsquo;apr\u00e8s lui, cette responsabilit\u00e9 est partag\u00e9e entre les diff\u00e9rents acteurs du secteurs concern\u00e9s et encourage, le respect des normes nationales voir internationales. ces derni\u00e8res garantissent un acc\u00e8s s\u00fbr aux march\u00e9s mondiaux.<\/p>\n\n\n\n<div style=\"height:11px\" aria-hidden=\"true\" class=\"wp-block-spacer\"><\/div>\n\n\n\n<h2 class=\"wp-block-heading\"><strong>Une volont\u00e9 collective pour un avenir durable<\/strong><\/h2>\n\n\n\n<div style=\"height:9px\" aria-hidden=\"true\" class=\"wp-block-spacer\"><\/div>\n\n\n\n<p>Enfin, <strong>Johanna KAMALA<\/strong>, Directrice Nationale KAM Foundation a rappel\u00e9 que la r\u00e9vision du Code minier en 2018 a introduit des m\u00e9canismes pour renforcer la lutte contre la corruption et encadrer l\u2019exploitation. Toutefois, leur succ\u00e8s d\u00e9pend d\u2019une implication active des communaut\u00e9s, des entreprises et de la soci\u00e9t\u00e9 civile. L\u2019int\u00e9gration des savoirs locaux aux connaissances techniques et le contr\u00f4le des exploitations artisanales restent des d\u00e9fis majeurs \u00e0 relever \u00e0 travers l&rsquo;\u00e9ducation environnementale.<\/p>\n\n\n\n<div style=\"height:11px\" aria-hidden=\"true\" class=\"wp-block-spacer\"><\/div>\n\n\n\n<h2 class=\"wp-block-heading\"><strong>Conclusion<\/strong><\/h2>\n\n\n\n<div style=\"height:7px\" aria-hidden=\"true\" class=\"wp-block-spacer\"><\/div>\n\n\n\n<p>Ce webinaire a mis en \u00e9vidence que l\u2019\u00e9ducation environnementale, combin\u00e9e \u00e0 une gouvernance participative, transparente et inclusive, est indispensable pour construire un secteur minier responsable en RDC. La sensibilisation, la formation et la coop\u00e9ration entre tous les acteurs sont des leviers essentiels pour assurer un d\u00e9veloppement \u00e9conomique respectueux de l\u2019environnement et des populations.<\/p>\n\n\n\n<div style=\"height:8px\" aria-hidden=\"true\" class=\"wp-block-spacer\"><\/div>\n\n\n\n<p>Pour la RDC, investir dans l\u2019\u00e9ducation et la gouvernance environnementale, c\u2019est garantir que ses richesses naturelles profitent durablement \u00e0 tous ses citoyens et aux g\u00e9n\u00e9rations futures.<\/p>\n\n\n\n<div style=\"height:8px\" aria-hidden=\"true\" class=\"wp-block-spacer\"><\/div>\n\n\n\n<h2 class=\"wp-block-heading\">Rapport d\u00e9taill\u00e9 du Webinaire   <\/h2>\n\n\n\n<div style=\"height:11px\" aria-hidden=\"true\" class=\"wp-block-spacer\"><\/div>\n\n\n\n<p>Vous trouverez ici, le rapport complet du webinaire portant sur la promotion de l&rsquo;\u00e9ducation environnemental pour une exploitation mini\u00e8re responsable et \u00e9galitaire en RDC.<\/p>\n\n\n\n<div style=\"height:10px\" aria-hidden=\"true\" class=\"wp-block-spacer\"><\/div>\n\n\n\n<div data-wp-interactive=\"core\/file\" class=\"wp-block-file\"><object data-wp-bind--hidden=\"!state.hasPdfPreview\" hidden class=\"wp-block-file__embed\" data=\"https:\/\/kamfoundationrdc.org\/wp-content\/uploads\/2025\/08\/Rapport-Webinaire-9-aout-2025-sur-la-promotion-de-lEEDD-pour-une-meilleure-exploitation-miniere-en-RDC.pdf\" type=\"application\/pdf\" style=\"width:100%;height:600px\" aria-label=\"Contenu embarqu\u00e9 Rapport Webinaire 9 aout 2025 sur la promotion de l&apos;EEDD pour une meilleure exploitation mini\u00e8re en RDC.\"><\/object><a id=\"wp-block-file--media-f83cfe27-4d28-4577-a7bc-ad2bd785d94c\" href=\"https:\/\/kamfoundationrdc.org\/wp-content\/uploads\/2025\/08\/Rapport-Webinaire-9-aout-2025-sur-la-promotion-de-lEEDD-pour-une-meilleure-exploitation-miniere-en-RDC.pdf\">Rapport Webinaire 9 aout 2025 sur la promotion de l&rsquo;EEDD pour une meilleure exploitation mini\u00e8re en RDC<\/a><a href=\"https:\/\/kamfoundationrdc.org\/wp-content\/uploads\/2025\/08\/Rapport-Webinaire-9-aout-2025-sur-la-promotion-de-lEEDD-pour-une-meilleure-exploitation-miniere-en-RDC.pdf\" class=\"wp-block-file__button wp-element-button\" download aria-describedby=\"wp-block-file--media-f83cfe27-4d28-4577-a7bc-ad2bd785d94c\">T\u00e9l\u00e9charger<\/a><\/div>\n","protected":false},"excerpt":{"rendered":"<p>La R\u00e9publique D\u00e9mocratique du Congo (RDC), riche de ses ressources naturelles abondantes, fait face \u00e0 un d\u00e9fi majeur : concilier exploitation mini\u00e8re, protection de l\u2019environnement et bien-\u00eatre des communaut\u00e9s locales. Lors de ce r\u00e9cent webinaire intitul\u00e9 \u00ab Promouvoir l\u2019\u00e9ducation environnementale pour une exploitation mini\u00e8re responsable et \u00e9galitaire en RDC \u00bb, et anim\u00e9 par des experts [&hellip;]<\/p>\n","protected":false},"author":2,"featured_media":894,"comment_status":"open","ping_status":"open","sticky":false,"template":"","format":"standard","meta":{"footnotes":""},"categories":[17,16],"tags":[],"class_list":["post-892","post","type-post","status-publish","format-standard","has-post-thumbnail","hentry","category-conservation-environnementale","category-renforcement-des-capacites"],"_links":{"self":[{"href":"https:\/\/awnr.org\/index.php\/wp-json\/wp\/v2\/posts\/892","targetHints":{"allow":["GET"]}}],"collection":[{"href":"https:\/\/awnr.org\/index.php\/wp-json\/wp\/v2\/posts"}],"about":[{"href":"https:\/\/awnr.org\/index.php\/wp-json\/wp\/v2\/types\/post"}],"author":[{"embeddable":true,"href":"https:\/\/awnr.org\/index.php\/wp-json\/wp\/v2\/users\/2"}],"replies":[{"embeddable":true,"href":"https:\/\/awnr.org\/index.php\/wp-json\/wp\/v2\/comments?post=892"}],"version-history":[{"count":9,"href":"https:\/\/awnr.org\/index.php\/wp-json\/wp\/v2\/posts\/892\/revisions"}],"predecessor-version":[{"id":904,"href":"https:\/\/awnr.org\/index.php\/wp-json\/wp\/v2\/posts\/892\/revisions\/904"}],"wp:featuredmedia":[{"embeddable":true,"href":"https:\/\/awnr.org\/index.php\/wp-json\/wp\/v2\/media\/894"}],"wp:attachment":[{"href":"https:\/\/awnr.org\/index.php\/wp-json\/wp\/v2\/media?parent=892"}],"wp:term":[{"taxonomy":"category","embeddable":true,"href":"https:\/\/awnr.org\/index.php\/wp-json\/wp\/v2\/categories?post=892"},{"taxonomy":"post_tag","embeddable":true,"href":"https:\/\/awnr.org\/index.php\/wp-json\/wp\/v2\/tags?post=892"}],"curies":[{"name":"wp","href":"https:\/\/api.w.org\/{rel}","templated":true}]}}