{"id":808,"date":"2021-01-16T15:22:00","date_gmt":"2021-01-16T14:22:00","guid":{"rendered":"https:\/\/kamfoundationrdc.org\/?p=808"},"modified":"2025-07-01T04:38:50","modified_gmt":"2025-07-01T02:38:50","slug":"sensibilisation-a-lhygiene-a-lorphelinat-la-misericorde-une-formation-essentielle-pour-un-cadre-de-vie-sain","status":"publish","type":"post","link":"https:\/\/awnr.org\/index.php\/2021\/01\/16\/sensibilisation-a-lhygiene-a-lorphelinat-la-misericorde-une-formation-essentielle-pour-un-cadre-de-vie-sain\/","title":{"rendered":"Sensibilisation \u00e0 l\u2019hygi\u00e8ne \u00e0 l\u2019orphelinat La Mis\u00e9ricorde : Une formation essentielle pour un cadre de vie sain"},"content":{"rendered":"\n<p>Dans le cadre de nos activit\u00e9s communautaires, une visite solidaire \u00e0 l\u2019orphelinat La Mis\u00e9ricorde a \u00e9t\u00e9 organis\u00e9e, au cours de laquelle une provision alimentaire a \u00e9t\u00e9 remise aux 50 enfants r\u00e9sidents. Cette action a \u00e9t\u00e9 suivie d\u2019une formation sur l\u2019hygi\u00e8ne alimentaire, corporelle et domestique, visant \u00e0 renforcer les bonnes pratiques sanitaires dans cet environnement d\u2019accueil pour enfants vuln\u00e9rables.<\/p>\n\n\n\n<div style=\"height:13px\" aria-hidden=\"true\" class=\"wp-block-spacer\"><\/div>\n\n\n\n<h3 class=\"wp-block-heading\"><strong>Des formateurs engag\u00e9s pour le bien-\u00eatre des enfants<\/strong><\/h3>\n\n\n\n<div style=\"height:13px\" aria-hidden=\"true\" class=\"wp-block-spacer\"><\/div>\n\n\n\n<p>Cette activit\u00e9 a \u00e9t\u00e9 anim\u00e9e par nos membres intervenants engag\u00e9s, qui ensemble, ont abord\u00e9 des th\u00e9matiques essentielles telles que :<\/p>\n\n\n\n<ul class=\"wp-block-list\">\n<li>Les r\u00e8gles d\u2019hygi\u00e8ne corporelle pour pr\u00e9venir les maladies de peau et infections courantes ;<\/li>\n\n\n\n<li>L\u2019hygi\u00e8ne alimentaire, en insistant sur la propret\u00e9 des ustensiles, des mains avant les repas, et la conservation des aliments ;<\/li>\n\n\n\n<li>L\u2019hygi\u00e8ne domestique, soulignant l\u2019importance d\u2019un cadre propre pour limiter la prolif\u00e9ration des germes et assurer la sant\u00e9 des enfants.<\/li>\n<\/ul>\n\n\n\n<div style=\"height:14px\" aria-hidden=\"true\" class=\"wp-block-spacer\"><\/div>\n\n\n\n<h3 class=\"wp-block-heading\"><strong>Pr\u00e9venir les risques li\u00e9s \u00e0 l\u2019insalubrit\u00e9<\/strong><\/h3>\n\n\n\n<div style=\"height:15px\" aria-hidden=\"true\" class=\"wp-block-spacer\"><\/div>\n\n\n\n<p>L\u2019activit\u00e9 visait principalement \u00e0 <strong>pr\u00e9venir les cons\u00e9quences n\u00e9fastes de l\u2019insalubrit\u00e9<\/strong> dans les maisons d\u2019accueil. En effet, dans un contexte o\u00f9 plusieurs orphelinats manquent de ressources pour garantir des conditions sanitaires optimales, cette formation repr\u00e9sente une <strong>intervention pr\u00e9ventive capitale<\/strong> pour prot\u00e9ger la sant\u00e9 des enfants et du personnel encadrant.<\/p>\n\n\n\n<div style=\"height:13px\" aria-hidden=\"true\" class=\"wp-block-spacer\"><\/div>\n\n\n\n<p><strong>Investir dans l\u2019hygi\u00e8ne<\/strong>, c\u2019est investir dans la <strong>sant\u00e9, la dignit\u00e9 et le d\u00e9veloppement<\/strong> des enfants. Cette initiative marque une \u00e9tape importante vers l\u2019am\u00e9lioration des conditions de vie dans les orphelinats et m\u00e9rite d\u2019\u00eatre soutenue et r\u00e9pliqu\u00e9e ailleurs.<\/p>\n\n\n\n<div style=\"height:14px\" aria-hidden=\"true\" class=\"wp-block-spacer\"><\/div>\n","protected":false},"excerpt":{"rendered":"<p>Dans le cadre de nos activit\u00e9s communautaires, une visite solidaire \u00e0 l\u2019orphelinat La Mis\u00e9ricorde a \u00e9t\u00e9 organis\u00e9e, au cours de laquelle une provision alimentaire a \u00e9t\u00e9 remise aux 50 enfants r\u00e9sidents. Cette action a \u00e9t\u00e9 suivie d\u2019une formation sur l\u2019hygi\u00e8ne alimentaire, corporelle et domestique, visant \u00e0 renforcer les bonnes pratiques sanitaires dans cet environnement d\u2019accueil [&hellip;]<\/p>\n","protected":false},"author":2,"featured_media":809,"comment_status":"open","ping_status":"open","sticky":false,"template":"","format":"standard","meta":{"footnotes":""},"categories":[16,18],"tags":[],"class_list":["post-808","post","type-post","status-publish","format-standard","has-post-thumbnail","hentry","category-renforcement-des-capacites","category-notre-action-pour-leur-sourire"],"_links":{"self":[{"href":"https:\/\/awnr.org\/index.php\/wp-json\/wp\/v2\/posts\/808","targetHints":{"allow":["GET"]}}],"collection":[{"href":"https:\/\/awnr.org\/index.php\/wp-json\/wp\/v2\/posts"}],"about":[{"href":"https:\/\/awnr.org\/index.php\/wp-json\/wp\/v2\/types\/post"}],"author":[{"embeddable":true,"href":"https:\/\/awnr.org\/index.php\/wp-json\/wp\/v2\/users\/2"}],"replies":[{"embeddable":true,"href":"https:\/\/awnr.org\/index.php\/wp-json\/wp\/v2\/comments?post=808"}],"version-history":[{"count":2,"href":"https:\/\/awnr.org\/index.php\/wp-json\/wp\/v2\/posts\/808\/revisions"}],"predecessor-version":[{"id":811,"href":"https:\/\/awnr.org\/index.php\/wp-json\/wp\/v2\/posts\/808\/revisions\/811"}],"wp:featuredmedia":[{"embeddable":true,"href":"https:\/\/awnr.org\/index.php\/wp-json\/wp\/v2\/media\/809"}],"wp:attachment":[{"href":"https:\/\/awnr.org\/index.php\/wp-json\/wp\/v2\/media?parent=808"}],"wp:term":[{"taxonomy":"category","embeddable":true,"href":"https:\/\/awnr.org\/index.php\/wp-json\/wp\/v2\/categories?post=808"},{"taxonomy":"post_tag","embeddable":true,"href":"https:\/\/awnr.org\/index.php\/wp-json\/wp\/v2\/tags?post=808"}],"curies":[{"name":"wp","href":"https:\/\/api.w.org\/{rel}","templated":true}]}}