{"id":749,"date":"2022-06-28T03:17:43","date_gmt":"2022-06-28T01:17:43","guid":{"rendered":"https:\/\/kamfoundationrdc.org\/?p=749"},"modified":"2025-06-30T02:47:38","modified_gmt":"2025-06-30T00:47:38","slug":"kam-foundation-sengage-pour-le-climat-3-000-arbres-plantes-dici-fin-2021","status":"publish","type":"post","link":"https:\/\/awnr.org\/index.php\/2022\/06\/28\/kam-foundation-sengage-pour-le-climat-3-000-arbres-plantes-dici-fin-2021\/","title":{"rendered":"KAM Foundation s&rsquo;engage pour le climat : 3 000 arbres plant\u00e9s d&rsquo;ici fin 2021"},"content":{"rendered":"\n<p><\/p>\n\n\n\n<p>Dans le cadre de la campagne nationale lanc\u00e9e par le gouvernement, visant \u00e0 planter un milliard d\u2019arbres d\u2019ici 2023 pour lutter contre le changement climatique, KAM Foundation se mobilise activement.<\/p>\n\n\n\n<div style=\"height:12px\" aria-hidden=\"true\" class=\"wp-block-spacer\"><\/div>\n\n\n\n<p>Dans cette dynamique, nous nous sommes engag\u00e9s \u00e0 planter 3 000 arbres avant la fin de l\u2019ann\u00e9e 2021, contribuant ainsi \u00e0 la restauration des \u00e9cosyst\u00e8mes, \u00e0 la capture du carbone et \u00e0 la sensibilisation des communaut\u00e9s locales \u00e0 l\u2019importance de la protection de l\u2019environnement.<\/p>\n\n\n\n<div style=\"height:13px\" aria-hidden=\"true\" class=\"wp-block-spacer\"><\/div>\n\n\n\n<p>\u00c0 travers cette action, nous r\u00e9affirmons notre volont\u00e9 d\u2019\u00eatre des acteurs \u00e9co-responsables, soucieux du milieu dans lequel nous vivons, et porteurs d\u2019un avenir plus vert pour tous.<\/p>\n\n\n\n<p>Cette initiative s\u2019inscrit dans le cadre de la 2\u1d49 \u00e9dition de l\u2019op\u00e9ration <strong>No\u00ebl_en_Vert<\/strong>, un moment fort de mobilisation citoyenne en faveur du climat, que nous avons le plaisir de partager avec vous \u00e0 travers ce rapport disponible.<\/p>\n\n\n\n<p><\/p>\n\n\n\n<p><\/p>\n\n\n\n<div style=\"height:15px\" aria-hidden=\"true\" class=\"wp-block-spacer\"><\/div>\n\n\n\n<div data-wp-interactive=\"core\/file\" class=\"wp-block-file\"><object data-wp-bind--hidden=\"!state.hasPdfPreview\" hidden class=\"wp-block-file__embed\" data=\"https:\/\/kamfoundationrdc.org\/wp-content\/uploads\/2022\/06\/Rapport-Noel-En-Vert-2eme-edition-Asbl-KF.pdf\" type=\"application\/pdf\" style=\"width:100%;height:600px\" aria-label=\"Contenu embarqu\u00e9 Rapport Noel En Vert 2eme \u00e9dition Asbl KF.\"><\/object><a id=\"wp-block-file--media-f8bad8dd-32ec-4cbe-92f4-a496b9e84b94\" href=\"https:\/\/kamfoundationrdc.org\/wp-content\/uploads\/2022\/06\/Rapport-Noel-En-Vert-2eme-edition-Asbl-KF.pdf\">Rapport Noel En Vert 2eme \u00e9dition Asbl KF<\/a><a href=\"https:\/\/kamfoundationrdc.org\/wp-content\/uploads\/2022\/06\/Rapport-Noel-En-Vert-2eme-edition-Asbl-KF.pdf\" class=\"wp-block-file__button wp-element-button\" download aria-describedby=\"wp-block-file--media-f8bad8dd-32ec-4cbe-92f4-a496b9e84b94\">T\u00e9l\u00e9charger<\/a><\/div>\n","protected":false},"excerpt":{"rendered":"<p>Dans le cadre de la campagne nationale lanc\u00e9e par le gouvernement, visant \u00e0 planter un milliard d\u2019arbres d\u2019ici 2023 pour lutter contre le changement climatique, KAM Foundation se mobilise activement. Dans cette dynamique, nous nous sommes engag\u00e9s \u00e0 planter 3 000 arbres avant la fin de l\u2019ann\u00e9e 2021, contribuant ainsi \u00e0 la restauration des \u00e9cosyst\u00e8mes, [&hellip;]<\/p>\n","protected":false},"author":2,"featured_media":752,"comment_status":"open","ping_status":"open","sticky":false,"template":"","format":"standard","meta":{"footnotes":""},"categories":[17],"tags":[],"class_list":["post-749","post","type-post","status-publish","format-standard","has-post-thumbnail","hentry","category-conservation-environnementale"],"_links":{"self":[{"href":"https:\/\/awnr.org\/index.php\/wp-json\/wp\/v2\/posts\/749","targetHints":{"allow":["GET"]}}],"collection":[{"href":"https:\/\/awnr.org\/index.php\/wp-json\/wp\/v2\/posts"}],"about":[{"href":"https:\/\/awnr.org\/index.php\/wp-json\/wp\/v2\/types\/post"}],"author":[{"embeddable":true,"href":"https:\/\/awnr.org\/index.php\/wp-json\/wp\/v2\/users\/2"}],"replies":[{"embeddable":true,"href":"https:\/\/awnr.org\/index.php\/wp-json\/wp\/v2\/comments?post=749"}],"version-history":[{"count":3,"href":"https:\/\/awnr.org\/index.php\/wp-json\/wp\/v2\/posts\/749\/revisions"}],"predecessor-version":[{"id":756,"href":"https:\/\/awnr.org\/index.php\/wp-json\/wp\/v2\/posts\/749\/revisions\/756"}],"wp:featuredmedia":[{"embeddable":true,"href":"https:\/\/awnr.org\/index.php\/wp-json\/wp\/v2\/media\/752"}],"wp:attachment":[{"href":"https:\/\/awnr.org\/index.php\/wp-json\/wp\/v2\/media?parent=749"}],"wp:term":[{"taxonomy":"category","embeddable":true,"href":"https:\/\/awnr.org\/index.php\/wp-json\/wp\/v2\/categories?post=749"},{"taxonomy":"post_tag","embeddable":true,"href":"https:\/\/awnr.org\/index.php\/wp-json\/wp\/v2\/tags?post=749"}],"curies":[{"name":"wp","href":"https:\/\/api.w.org\/{rel}","templated":true}]}}