{"id":731,"date":"2021-10-30T13:30:00","date_gmt":"2021-10-30T11:30:00","guid":{"rendered":"https:\/\/kamfoundationrdc.org\/?p=731"},"modified":"2025-06-28T01:23:15","modified_gmt":"2025-06-27T23:23:15","slug":"marche-citoyenne-kam-foundation-en-action-pour-le-climat-a-kinshasa","status":"publish","type":"post","link":"https:\/\/awnr.org\/index.php\/2021\/10\/30\/marche-citoyenne-kam-foundation-en-action-pour-le-climat-a-kinshasa\/","title":{"rendered":"Marche citoyenne : KAM Foundation en action pour le climat \u00e0 Kinshasa."},"content":{"rendered":"\n<p>Samedi 30 octobre 2021<\/p>\n\n\n\n<p><br><strong>Marche citoyenne pour le climat<\/strong><\/p>\n\n\n\n<p><\/p>\n\n\n\n<p><\/p>\n\n\n\n<p><\/p>\n\n\n\n<p>Nous avons march\u00e9 pour le climat \u00e0 Kinshasa, une initiative qui s\u2019inscrit dans le cadre de la mobilisation mondiale en marge de la COP26. Cet engagement refl\u00e8te notre volont\u00e9 d\u2019agir, en tant que citoyens conscients des dangers que repr\u00e9sente le changement climatique, soucieux de notre avenir et de celui des g\u00e9n\u00e9rations futures.<\/p>\n\n\n\n<p>Pour nous, cette marche constitue le point de d\u00e9part d\u2019une grande dynamique citoyenne de plaidoyer autour de cinq priorit\u00e9s majeures pour une action climatique efficace :<\/p>\n\n\n\n<ol class=\"wp-block-list\">\n<li>Une gouvernance climatique coh\u00e9rente, plac\u00e9e sous la responsabilit\u00e9 directe des autorit\u00e9s comp\u00e9tentes au niveau national.<\/li>\n\n\n\n<li>Un engagement budg\u00e9taire fort, avec au minimum 10 % du budget national consacr\u00e9 d\u00e8s 2022 aux secteurs cl\u00e9s de la lutte contre le changement climatique, notamment \u00e0 une agriculture r\u00e9siliente et sans d\u00e9forestation.<\/li>\n\n\n\n<li>La mise en \u0153uvre effective du programme \u00ab\u00a0Un milliard d\u2019arbres \u00e0 l\u2019horizon 2023\u00a0\u00bb, visant \u00e0 restaurer 3 millions d\u2019hectares de terres, \u00e9viter la d\u00e9forestation sur 1 million d\u2019hectares et pr\u00e9server 10 millions d\u2019hectares de for\u00eats \u00e0 haute valeur carbone.<\/li>\n\n\n\n<li>L\u2019instauration d\u2019une justice climatique \u00e9quitable, avec une inclusion r\u00e9elle des femmes au c\u0153ur des politiques de r\u00e9silience climatique.<\/li>\n\n\n\n<li>Le d\u00e9veloppement d\u2019une politique ambitieuse de promotion des emplois verts, afin de favoriser une transition \u00e9cologique juste, inclusive et durable.<\/li>\n<\/ol>\n\n\n\n<p><\/p>\n\n\n\n<p><\/p>\n\n\n\n<p>\u00c0 travers ses actions, KAM Foundation r\u00e9affirme son engagement dans la lutte contre le changement climatique. Consciente des enjeux cruciaux li\u00e9s au r\u00e9chauffement climatique, elle s\u2019investit pleinement dans des projets \u00e0 impact environnemental, notamment en soutenant activement la campagne pour la plantation d\u2019un million d\u2019arbres d\u2019ici 2023.<\/p>\n\n\n\n<p><\/p>\n\n\n\n<figure class=\"wp-block-image size-full is-resized\"><img loading=\"lazy\" decoding=\"async\" width=\"960\" height=\"720\" src=\"https:\/\/kamfoundationrdc.org\/wp-content\/uploads\/2025\/06\/472139804_1542566806460520_4535338675373828206_n-1.jpg\" alt=\"\" class=\"wp-image-739\" style=\"width:959px;height:auto\" srcset=\"https:\/\/awnr.org\/wp-content\/uploads\/2025\/06\/472139804_1542566806460520_4535338675373828206_n-1.jpg 960w, https:\/\/awnr.org\/wp-content\/uploads\/2025\/06\/472139804_1542566806460520_4535338675373828206_n-1-300x225.jpg 300w, https:\/\/awnr.org\/wp-content\/uploads\/2025\/06\/472139804_1542566806460520_4535338675373828206_n-1-768x576.jpg 768w\" sizes=\"auto, (max-width: 960px) 100vw, 960px\" \/><\/figure>\n\n\n\n<div style=\"height:31px\" aria-hidden=\"true\" class=\"wp-block-spacer\"><\/div>\n\n\n\n<figure class=\"wp-block-image size-full\"><img loading=\"lazy\" decoding=\"async\" width=\"960\" height=\"636\" src=\"https:\/\/kamfoundationrdc.org\/wp-content\/uploads\/2025\/06\/472246993_1542566566460544_4513328952552070270_n-1-1.jpg\" alt=\"\" class=\"wp-image-740\" srcset=\"https:\/\/awnr.org\/wp-content\/uploads\/2025\/06\/472246993_1542566566460544_4513328952552070270_n-1-1.jpg 960w, https:\/\/awnr.org\/wp-content\/uploads\/2025\/06\/472246993_1542566566460544_4513328952552070270_n-1-1-300x199.jpg 300w, https:\/\/awnr.org\/wp-content\/uploads\/2025\/06\/472246993_1542566566460544_4513328952552070270_n-1-1-768x509.jpg 768w\" sizes=\"auto, (max-width: 960px) 100vw, 960px\" \/><\/figure>\n","protected":false},"excerpt":{"rendered":"<p>Samedi 30 octobre 2021 Marche citoyenne pour le climat Nous avons march\u00e9 pour le climat \u00e0 Kinshasa, une initiative qui s\u2019inscrit dans le cadre de la mobilisation mondiale en marge de la COP26. Cet engagement refl\u00e8te notre volont\u00e9 d\u2019agir, en tant que citoyens conscients des dangers que repr\u00e9sente le changement climatique, soucieux de notre avenir [&hellip;]<\/p>\n","protected":false},"author":2,"featured_media":741,"comment_status":"open","ping_status":"open","sticky":false,"template":"","format":"standard","meta":{"footnotes":""},"categories":[17],"tags":[],"class_list":["post-731","post","type-post","status-publish","format-standard","has-post-thumbnail","hentry","category-conservation-environnementale"],"_links":{"self":[{"href":"https:\/\/awnr.org\/index.php\/wp-json\/wp\/v2\/posts\/731","targetHints":{"allow":["GET"]}}],"collection":[{"href":"https:\/\/awnr.org\/index.php\/wp-json\/wp\/v2\/posts"}],"about":[{"href":"https:\/\/awnr.org\/index.php\/wp-json\/wp\/v2\/types\/post"}],"author":[{"embeddable":true,"href":"https:\/\/awnr.org\/index.php\/wp-json\/wp\/v2\/users\/2"}],"replies":[{"embeddable":true,"href":"https:\/\/awnr.org\/index.php\/wp-json\/wp\/v2\/comments?post=731"}],"version-history":[{"count":6,"href":"https:\/\/awnr.org\/index.php\/wp-json\/wp\/v2\/posts\/731\/revisions"}],"predecessor-version":[{"id":748,"href":"https:\/\/awnr.org\/index.php\/wp-json\/wp\/v2\/posts\/731\/revisions\/748"}],"wp:featuredmedia":[{"embeddable":true,"href":"https:\/\/awnr.org\/index.php\/wp-json\/wp\/v2\/media\/741"}],"wp:attachment":[{"href":"https:\/\/awnr.org\/index.php\/wp-json\/wp\/v2\/media?parent=731"}],"wp:term":[{"taxonomy":"category","embeddable":true,"href":"https:\/\/awnr.org\/index.php\/wp-json\/wp\/v2\/categories?post=731"},{"taxonomy":"post_tag","embeddable":true,"href":"https:\/\/awnr.org\/index.php\/wp-json\/wp\/v2\/tags?post=731"}],"curies":[{"name":"wp","href":"https:\/\/api.w.org\/{rel}","templated":true}]}}