{"id":688,"date":"2018-12-26T01:01:00","date_gmt":"2018-12-26T00:01:00","guid":{"rendered":"https:\/\/kamfoundationrdc.org\/?p=688"},"modified":"2025-06-12T01:04:26","modified_gmt":"2025-06-11T23:04:26","slug":"noel-en-vert-mobiliser-la-jeunesse-pour-un-avenir-durable","status":"publish","type":"post","link":"https:\/\/awnr.org\/index.php\/2018\/12\/26\/noel-en-vert-mobiliser-la-jeunesse-pour-un-avenir-durable\/","title":{"rendered":"No\u00ebl en Vert : Mobiliser la jeunesse pour un avenir durable"},"content":{"rendered":"\n<h3 class=\"wp-block-heading\"><strong>Le Concept \u00ab\u00a0No\u00ebl en Vert\u00a0\u00bb<\/strong><\/h3>\n\n\n\n<p><\/p>\n\n\n\n<p>Lanc\u00e9e le 26 d\u00e9cembre 2018, No\u00ebl en Vert est l\u2019une de nos initiatives embl\u00e9matiques, propos\u00e9e chaque fin d\u2019ann\u00e9e pour sensibiliser et mobiliser les enfants et les jeunes autour de la lutte contre le r\u00e9chauffement climatique en R\u00e9publique D\u00e9mocratique du Congo.<\/p>\n\n\n\n<p>Cette projet encourage l\u2019adoption de gestes simples et responsables pour prot\u00e9ger la plan\u00e8te. De plus, \u00e0 travers des actions concr\u00e8tes et \u00e9ducatives, nous \u0153uvrons pour r\u00e9duire l\u2019impact n\u00e9gatif des activit\u00e9s humaines sur la nature, tout en inspirant la jeunesse \u00e0 devenir des acteurs du changement pour un avenir plus durable.<\/p>\n\n\n\n<p>Depuis sa cr\u00e9ation, \u00ab\u00a0No\u00ebl en Vert\u00a0\u00bb a organis\u00e9 diverses activit\u00e9s, telles que des formations sur :<\/p>\n\n\n\n<ul class=\"wp-block-list\">\n<li>La gestion \u00e9cologique locale.<\/li>\n\n\n\n<li>Les pratiques \u00e9coresponsables pour la pr\u00e9servation des \u00e9cosyst\u00e8mes locaux.<\/li>\n<\/ul>\n\n\n\n<p>Ces aspects \u00e9ducatives que nous transmettons, ont pour ambition de transformer les participants en acteurs du d\u00e9veloppement durable, sensibilis\u00e9s \u00e0 l\u2019impact positif des gestes quotidiens tels que :<\/p>\n\n\n\n<ul class=\"wp-block-list\">\n<li>L\u2019utilisation de produits naturels et biod\u00e9gradables.<\/li>\n\n\n\n<li>L\u2019entretien d\u2019un environnement vert \u00e0 travers, par exemple, la cr\u00e9ation de jardins.<\/li>\n<\/ul>\n\n\n\n<p><\/p>\n\n\n\n<p><\/p>\n\n\n\n<h3 class=\"wp-block-heading\"><strong>Notre Engagement Environnemental<\/strong><\/h3>\n\n\n\n<p>En sensibilisant sur des enjeux essentiels, <strong>KAM FOUNDATION<\/strong> s\u2019est engag\u00e9 \u00e0 promouvoir un \u00e9cosyst\u00e8me sain et une gestion responsable des ressources naturelles, Ainsi nous croyons fermement que <strong>l\u2019\u00e9ducation environnementale<\/strong> est un droit fondamental pour chaque enfant et elle constitue une base essentielle pour r\u00e9aliser d\u2019autres droits humains, notamment le droit \u00e0 la vie, \u00e0 une alimentation saine, \u00e0 la sant\u00e9 et \u00e0 un niveau de vie suffisant.<\/p>\n\n\n\n<p><\/p>\n\n\n\n<p><\/p>\n\n\n\n<h3 class=\"wp-block-heading\"><strong>Participez \u00e0 Notre Vision pour un Monde Vert<\/strong><\/h3>\n\n\n\n<p>Ensemble, nous pouvons b\u00e2tir un avenir o\u00f9 chaque enfant devient un gardien de son environnement et un acteur de changement positif. Rejoignez nous dans notre mission pour promouvoir un Congo plus vert et plus r\u00e9silient.<\/p>\n\n\n\n<p><\/p>\n\n\n\n<p><\/p>\n","protected":false},"excerpt":{"rendered":"<p>Le Concept \u00ab\u00a0No\u00ebl en Vert\u00a0\u00bb Lanc\u00e9e le 26 d\u00e9cembre 2018, No\u00ebl en Vert est l\u2019une de nos initiatives embl\u00e9matiques, propos\u00e9e chaque fin d\u2019ann\u00e9e pour sensibiliser et mobiliser les enfants et les jeunes autour de la lutte contre le r\u00e9chauffement climatique en R\u00e9publique D\u00e9mocratique du Congo. Cette projet encourage l\u2019adoption de gestes simples et responsables pour [&hellip;]<\/p>\n","protected":false},"author":2,"featured_media":690,"comment_status":"open","ping_status":"open","sticky":false,"template":"","format":"standard","meta":{"footnotes":""},"categories":[17,19],"tags":[],"class_list":["post-688","post","type-post","status-publish","format-standard","has-post-thumbnail","hentry","category-conservation-environnementale","category-kam-for-youth"],"_links":{"self":[{"href":"https:\/\/awnr.org\/index.php\/wp-json\/wp\/v2\/posts\/688","targetHints":{"allow":["GET"]}}],"collection":[{"href":"https:\/\/awnr.org\/index.php\/wp-json\/wp\/v2\/posts"}],"about":[{"href":"https:\/\/awnr.org\/index.php\/wp-json\/wp\/v2\/types\/post"}],"author":[{"embeddable":true,"href":"https:\/\/awnr.org\/index.php\/wp-json\/wp\/v2\/users\/2"}],"replies":[{"embeddable":true,"href":"https:\/\/awnr.org\/index.php\/wp-json\/wp\/v2\/comments?post=688"}],"version-history":[{"count":3,"href":"https:\/\/awnr.org\/index.php\/wp-json\/wp\/v2\/posts\/688\/revisions"}],"predecessor-version":[{"id":692,"href":"https:\/\/awnr.org\/index.php\/wp-json\/wp\/v2\/posts\/688\/revisions\/692"}],"wp:featuredmedia":[{"embeddable":true,"href":"https:\/\/awnr.org\/index.php\/wp-json\/wp\/v2\/media\/690"}],"wp:attachment":[{"href":"https:\/\/awnr.org\/index.php\/wp-json\/wp\/v2\/media?parent=688"}],"wp:term":[{"taxonomy":"category","embeddable":true,"href":"https:\/\/awnr.org\/index.php\/wp-json\/wp\/v2\/categories?post=688"},{"taxonomy":"post_tag","embeddable":true,"href":"https:\/\/awnr.org\/index.php\/wp-json\/wp\/v2\/tags?post=688"}],"curies":[{"name":"wp","href":"https:\/\/api.w.org\/{rel}","templated":true}]}}