{"id":678,"date":"2025-06-10T22:01:51","date_gmt":"2025-06-10T20:01:51","guid":{"rendered":"https:\/\/kamfoundationrdc.org\/?p=678"},"modified":"2025-06-10T22:08:48","modified_gmt":"2025-06-10T20:08:48","slug":"participation-a-latelier-de-la-coalition-africaine-sur-les-minerais-verts-camv","status":"publish","type":"post","link":"https:\/\/awnr.org\/index.php\/2025\/06\/10\/participation-a-latelier-de-la-coalition-africaine-sur-les-minerais-verts-camv\/","title":{"rendered":"Participation \u00e0 l\u2019atelier de la Coalition Africaine sur les Minerais Verts (CAMV)"},"content":{"rendered":"\n<p><\/p>\n\n\n\n<p>Dans le cadre de notre engagement en faveur de la gouvernance responsable des ressources naturelles et de la protection de l\u2019environnement, KAM Foundation a pris part \u00e0 l\u2019atelier de la Coalition Africaine sur les Minerais Verts (CAMV), organis\u00e9 du 9 au 10 juin 2025 \u00e0 Lubumbashi. Cette participation s\u2019inscrit pleinement dans la mission de l\u2019ASBL, qui \u0153uvre pour une gestion durable des ressources naturelles au service du d\u00e9veloppement humain, de la justice environnementale et de la transition \u00e9cologique en R\u00e9publique D\u00e9mocratique du Congo.<\/p>\n\n\n\n<p><\/p>\n\n\n\n<p>En tant que membre actif de la soci\u00e9t\u00e9 civile congolaise et partenaire d\u2019Afrewatch, nous avons contribu\u00e9 aux \u00e9changes portant sur la structuration de la Coalition, la pr\u00e9sentation de ses composantes, son organisation interne, ainsi que les axes strat\u00e9giques et les m\u00e9canismes de financement pr\u00e9vus.<\/p>\n\n\n\n<p>L\u2019atelier, organis\u00e9 en format hybride (pr\u00e9sentiel et en ligne), a rassembl\u00e9 des repr\u00e9sentants d\u2019organisations de la soci\u00e9t\u00e9 civile de plusieurs pays africains : la Zambie, le Cameroun, la Guin\u00e9e Conakry, le Mali, le Ghana, Madagascar, aux c\u00f4t\u00e9s de la RDC. Cet espace de dialogue renforce la coop\u00e9ration r\u00e9gionale et sous r\u00e9gionale autour des enjeux li\u00e9s aux minerais strat\u00e9giques et \u00e0 leur exploitation dans un cadre \u00e9thique, \u00e9quitable et respectueux de l&rsquo;environnement.<\/p>\n\n\n\n<p><\/p>\n\n\n\n<figure class=\"wp-block-image size-large is-resized\"><img loading=\"lazy\" decoding=\"async\" width=\"1024\" height=\"576\" src=\"https:\/\/kamfoundationrdc.org\/wp-content\/uploads\/2025\/06\/WhatsApp-Image-2025-06-10-a-09.04.30_8023670f-1024x576.jpg\" alt=\"\" class=\"wp-image-680\" style=\"width:1008px;height:auto\" srcset=\"https:\/\/awnr.org\/wp-content\/uploads\/2025\/06\/WhatsApp-Image-2025-06-10-a-09.04.30_8023670f-1024x576.jpg 1024w, https:\/\/awnr.org\/wp-content\/uploads\/2025\/06\/WhatsApp-Image-2025-06-10-a-09.04.30_8023670f-300x169.jpg 300w, https:\/\/awnr.org\/wp-content\/uploads\/2025\/06\/WhatsApp-Image-2025-06-10-a-09.04.30_8023670f-768x432.jpg 768w, https:\/\/awnr.org\/wp-content\/uploads\/2025\/06\/WhatsApp-Image-2025-06-10-a-09.04.30_8023670f.jpg 1080w\" sizes=\"auto, (max-width: 1024px) 100vw, 1024px\" \/><\/figure>\n","protected":false},"excerpt":{"rendered":"<p>Dans le cadre de notre engagement en faveur de la gouvernance responsable des ressources naturelles et de la protection de l\u2019environnement, KAM Foundation a pris part \u00e0 l\u2019atelier de la Coalition Africaine sur les Minerais Verts (CAMV), organis\u00e9 du 9 au 10 juin 2025 \u00e0 Lubumbashi. Cette participation s\u2019inscrit pleinement dans la mission de l\u2019ASBL, [&hellip;]<\/p>\n","protected":false},"author":2,"featured_media":682,"comment_status":"open","ping_status":"open","sticky":false,"template":"","format":"standard","meta":{"footnotes":""},"categories":[17],"tags":[],"class_list":["post-678","post","type-post","status-publish","format-standard","has-post-thumbnail","hentry","category-conservation-environnementale"],"_links":{"self":[{"href":"https:\/\/awnr.org\/index.php\/wp-json\/wp\/v2\/posts\/678","targetHints":{"allow":["GET"]}}],"collection":[{"href":"https:\/\/awnr.org\/index.php\/wp-json\/wp\/v2\/posts"}],"about":[{"href":"https:\/\/awnr.org\/index.php\/wp-json\/wp\/v2\/types\/post"}],"author":[{"embeddable":true,"href":"https:\/\/awnr.org\/index.php\/wp-json\/wp\/v2\/users\/2"}],"replies":[{"embeddable":true,"href":"https:\/\/awnr.org\/index.php\/wp-json\/wp\/v2\/comments?post=678"}],"version-history":[{"count":3,"href":"https:\/\/awnr.org\/index.php\/wp-json\/wp\/v2\/posts\/678\/revisions"}],"predecessor-version":[{"id":686,"href":"https:\/\/awnr.org\/index.php\/wp-json\/wp\/v2\/posts\/678\/revisions\/686"}],"wp:featuredmedia":[{"embeddable":true,"href":"https:\/\/awnr.org\/index.php\/wp-json\/wp\/v2\/media\/682"}],"wp:attachment":[{"href":"https:\/\/awnr.org\/index.php\/wp-json\/wp\/v2\/media?parent=678"}],"wp:term":[{"taxonomy":"category","embeddable":true,"href":"https:\/\/awnr.org\/index.php\/wp-json\/wp\/v2\/categories?post=678"},{"taxonomy":"post_tag","embeddable":true,"href":"https:\/\/awnr.org\/index.php\/wp-json\/wp\/v2\/tags?post=678"}],"curies":[{"name":"wp","href":"https:\/\/api.w.org\/{rel}","templated":true}]}}