{"id":673,"date":"2019-07-15T17:49:00","date_gmt":"2019-07-15T15:49:00","guid":{"rendered":"https:\/\/kamfoundationrdc.org\/?p=673"},"modified":"2025-07-17T18:03:32","modified_gmt":"2025-07-17T16:03:32","slug":"rapport-de-la-premiere-edition-de-la-conference-education-un-droit-pour-eux-un-devoir-pour-nous","status":"publish","type":"post","link":"https:\/\/awnr.org\/index.php\/2019\/07\/15\/rapport-de-la-premiere-edition-de-la-conference-education-un-droit-pour-eux-un-devoir-pour-nous\/","title":{"rendered":"Rapport de la 1\u00e9re \u00c9dition de la Conf\u00e9rence : \u00c9ducation \u2013 un droit pour eux, un devoir pour nous."},"content":{"rendered":"\n<p>Organis\u00e9e par <strong>KAM Foundation<\/strong>, la conf\u00e9rence visait \u00e0 sensibiliser sur le droit \u00e0 l\u2019\u00e9ducation et la responsabilit\u00e9 collective d&rsquo;une jeunesse instruite.<\/p>\n\n\n\n<div style=\"height:10px\" aria-hidden=\"true\" class=\"wp-block-spacer\"><\/div>\n\n\n\n<p>\ud83d\udcc4 <em>Le rapport complet de la conf\u00e9rence est disponible et peut \u00eatre consult\u00e9 pour en savoir plus sur les \u00e9changes et recommandations formul\u00e9es.<\/em><\/p>\n\n\n\n<p><\/p>\n\n\n\n<div style=\"height:21px\" aria-hidden=\"true\" class=\"wp-block-spacer\"><\/div>\n\n\n\n<div data-wp-interactive=\"core\/file\" class=\"wp-block-file\"><object data-wp-bind--hidden=\"!state.hasPdfPreview\" hidden class=\"wp-block-file__embed\" data=\"https:\/\/kamfoundationrdc.org\/wp-content\/uploads\/2019\/07\/Rapport-Conference-Education_Droit-pour-eux-devoir-pour-nous_KF-2.pdf\" type=\"application\/pdf\" style=\"width:100%;height:600px\" aria-label=\"Contenu embarqu\u00e9 Rapport Conf\u00e9rence Education_Droit pour eux devoir pour nous_KF.\"><\/object><a id=\"wp-block-file--media-de719740-5b97-4900-a144-f3c10e804f88\" href=\"https:\/\/kamfoundationrdc.org\/wp-content\/uploads\/2019\/07\/Rapport-Conference-Education_Droit-pour-eux-devoir-pour-nous_KF-2.pdf\">Rapport Conf\u00e9rence Education_Droit pour eux devoir pour nous_KF<\/a><a href=\"https:\/\/kamfoundationrdc.org\/wp-content\/uploads\/2019\/07\/Rapport-Conference-Education_Droit-pour-eux-devoir-pour-nous_KF-2.pdf\" class=\"wp-block-file__button wp-element-button\" download aria-describedby=\"wp-block-file--media-de719740-5b97-4900-a144-f3c10e804f88\">T\u00e9l\u00e9charger<\/a><\/div>\n","protected":false},"excerpt":{"rendered":"<p>Organis\u00e9e par KAM Foundation, la conf\u00e9rence visait \u00e0 sensibiliser sur le droit \u00e0 l\u2019\u00e9ducation et la responsabilit\u00e9 collective d&rsquo;une jeunesse instruite. \ud83d\udcc4 Le rapport complet de la conf\u00e9rence est disponible et peut \u00eatre consult\u00e9 pour en savoir plus sur les \u00e9changes et recommandations formul\u00e9es.<\/p>\n","protected":false},"author":2,"featured_media":677,"comment_status":"open","ping_status":"open","sticky":false,"template":"","format":"standard","meta":{"footnotes":""},"categories":[16],"tags":[],"class_list":["post-673","post","type-post","status-publish","format-standard","has-post-thumbnail","hentry","category-renforcement-des-capacites"],"_links":{"self":[{"href":"https:\/\/awnr.org\/index.php\/wp-json\/wp\/v2\/posts\/673","targetHints":{"allow":["GET"]}}],"collection":[{"href":"https:\/\/awnr.org\/index.php\/wp-json\/wp\/v2\/posts"}],"about":[{"href":"https:\/\/awnr.org\/index.php\/wp-json\/wp\/v2\/types\/post"}],"author":[{"embeddable":true,"href":"https:\/\/awnr.org\/index.php\/wp-json\/wp\/v2\/users\/2"}],"replies":[{"embeddable":true,"href":"https:\/\/awnr.org\/index.php\/wp-json\/wp\/v2\/comments?post=673"}],"version-history":[{"count":6,"href":"https:\/\/awnr.org\/index.php\/wp-json\/wp\/v2\/posts\/673\/revisions"}],"predecessor-version":[{"id":865,"href":"https:\/\/awnr.org\/index.php\/wp-json\/wp\/v2\/posts\/673\/revisions\/865"}],"wp:featuredmedia":[{"embeddable":true,"href":"https:\/\/awnr.org\/index.php\/wp-json\/wp\/v2\/media\/677"}],"wp:attachment":[{"href":"https:\/\/awnr.org\/index.php\/wp-json\/wp\/v2\/media?parent=673"}],"wp:term":[{"taxonomy":"category","embeddable":true,"href":"https:\/\/awnr.org\/index.php\/wp-json\/wp\/v2\/categories?post=673"},{"taxonomy":"post_tag","embeddable":true,"href":"https:\/\/awnr.org\/index.php\/wp-json\/wp\/v2\/tags?post=673"}],"curies":[{"name":"wp","href":"https:\/\/api.w.org\/{rel}","templated":true}]}}