{"id":648,"date":"2022-08-14T16:03:00","date_gmt":"2022-08-14T14:03:00","guid":{"rendered":"https:\/\/kamfoundationrdc.org\/?p=648"},"modified":"2025-06-05T16:53:03","modified_gmt":"2025-06-05T14:53:03","slug":"journee-internationale-de-la-jeunesse","status":"publish","type":"post","link":"https:\/\/awnr.org\/index.php\/2022\/08\/14\/journee-internationale-de-la-jeunesse\/","title":{"rendered":"Journ\u00e9e Internationale de la Jeunesse"},"content":{"rendered":"\n<figure class=\"wp-block-image size-full\"><img loading=\"lazy\" decoding=\"async\" width=\"960\" height=\"641\" src=\"https:\/\/kamfoundationrdc.org\/wp-content\/uploads\/2025\/06\/472113605_1543577063026161_116050666121701988_n-2.jpg\" alt=\"\" class=\"wp-image-669\" srcset=\"https:\/\/awnr.org\/wp-content\/uploads\/2025\/06\/472113605_1543577063026161_116050666121701988_n-2.jpg 960w, https:\/\/awnr.org\/wp-content\/uploads\/2025\/06\/472113605_1543577063026161_116050666121701988_n-2-300x200.jpg 300w, https:\/\/awnr.org\/wp-content\/uploads\/2025\/06\/472113605_1543577063026161_116050666121701988_n-2-768x513.jpg 768w\" sizes=\"auto, (max-width: 960px) 100vw, 960px\" \/><\/figure>\n\n\n\n<p>La Journ\u00e9e en R\u00e9publique d\u00e9mocratique du Congo (RDC) comm\u00e9morant le jour o\u00f9 le monde c\u00e9l\u00e8bre la jeunesse, a \u00e9t\u00e9 marqu\u00e9e par une conf\u00e9rence ax\u00e9e sur l&rsquo;implication des jeunes dans le d\u00e9veloppement durable. Cet \u00e9v\u00e9nement, organis\u00e9 au Centre culturel Boboto par l&rsquo;Union des Jeunes pour le D\u00e9veloppement (UNIJED) en collaboration avec l&rsquo;ASBL KAM Foundation, pr\u00e9sid\u00e9e par notre directrice nationale, Mme Kamala Johanna, a constitu\u00e9 une opportunit\u00e9 pr\u00e9cieuse pour souligner l&rsquo;importance d&rsquo;une culture organisationnelle adapt\u00e9e \u00e0 la promotion du d\u00e9veloppement durable \u00e0 travers notre programme \u00ab KAM For Youth \u00bb.<\/p>\n\n\n\n<p>Ce programme, d\u00e9di\u00e9 \u00e0 l&rsquo;accompagnement des jeunes, r\u00e9unit ceux engag\u00e9s sur des questions de paix, de s\u00e9curit\u00e9 et de d\u00e9veloppement social. Lors de cette journ\u00e9e, nous avons mis en lumi\u00e8re le r\u00f4le fondamental d&rsquo;une culture organisationnelle structur\u00e9e autour de valeurs, normes et croyances partag\u00e9es, qui orientent les interactions entre les membres d\u2019une organisation et avec des parties externes. Nous avons \u00e9galement insist\u00e9 sur l\u2019importance de cette culture dans l\u2019innovation, la r\u00e9solution de probl\u00e8mes et l\u2019adaptation face aux d\u00e9fis externes ou encore internes. Nous avons rappel\u00e9 que cette approche contribue \u00e0 enseigner aux jeunes des moyens efficaces de percevoir, penser et agir face aux enjeux auxquels ils sont confront\u00e9s.<\/p>\n","protected":false},"excerpt":{"rendered":"<p>La Journ\u00e9e en R\u00e9publique d\u00e9mocratique du Congo (RDC) comm\u00e9morant le jour o\u00f9 le monde c\u00e9l\u00e8bre la jeunesse, a \u00e9t\u00e9 marqu\u00e9e par une conf\u00e9rence ax\u00e9e sur l&rsquo;implication des jeunes dans le d\u00e9veloppement durable. Cet \u00e9v\u00e9nement, organis\u00e9 au Centre culturel Boboto par l&rsquo;Union des Jeunes pour le D\u00e9veloppement (UNIJED) en collaboration avec l&rsquo;ASBL KAM Foundation, pr\u00e9sid\u00e9e par [&hellip;]<\/p>\n","protected":false},"author":2,"featured_media":664,"comment_status":"open","ping_status":"open","sticky":false,"template":"","format":"standard","meta":{"footnotes":""},"categories":[19],"tags":[],"class_list":["post-648","post","type-post","status-publish","format-standard","has-post-thumbnail","hentry","category-kam-for-youth"],"_links":{"self":[{"href":"https:\/\/awnr.org\/index.php\/wp-json\/wp\/v2\/posts\/648","targetHints":{"allow":["GET"]}}],"collection":[{"href":"https:\/\/awnr.org\/index.php\/wp-json\/wp\/v2\/posts"}],"about":[{"href":"https:\/\/awnr.org\/index.php\/wp-json\/wp\/v2\/types\/post"}],"author":[{"embeddable":true,"href":"https:\/\/awnr.org\/index.php\/wp-json\/wp\/v2\/users\/2"}],"replies":[{"embeddable":true,"href":"https:\/\/awnr.org\/index.php\/wp-json\/wp\/v2\/comments?post=648"}],"version-history":[{"count":8,"href":"https:\/\/awnr.org\/index.php\/wp-json\/wp\/v2\/posts\/648\/revisions"}],"predecessor-version":[{"id":672,"href":"https:\/\/awnr.org\/index.php\/wp-json\/wp\/v2\/posts\/648\/revisions\/672"}],"wp:featuredmedia":[{"embeddable":true,"href":"https:\/\/awnr.org\/index.php\/wp-json\/wp\/v2\/media\/664"}],"wp:attachment":[{"href":"https:\/\/awnr.org\/index.php\/wp-json\/wp\/v2\/media?parent=648"}],"wp:term":[{"taxonomy":"category","embeddable":true,"href":"https:\/\/awnr.org\/index.php\/wp-json\/wp\/v2\/categories?post=648"},{"taxonomy":"post_tag","embeddable":true,"href":"https:\/\/awnr.org\/index.php\/wp-json\/wp\/v2\/tags?post=648"}],"curies":[{"name":"wp","href":"https:\/\/api.w.org\/{rel}","templated":true}]}}