{"id":522,"date":"2025-06-01T19:30:17","date_gmt":"2025-06-01T17:30:17","guid":{"rendered":"https:\/\/kamfoundationrdc.org\/?p=522"},"modified":"2025-06-01T19:30:17","modified_gmt":"2025-06-01T17:30:17","slug":"openklas-une-initiative-revolutionnaire-de-la-kam-foundation","status":"publish","type":"post","link":"https:\/\/awnr.org\/index.php\/2025\/06\/01\/openklas-une-initiative-revolutionnaire-de-la-kam-foundation\/","title":{"rendered":"OpenKlas : Une Initiative R\u00e9volutionnaire de la KAM Foundation"},"content":{"rendered":"\n<p>RDC-OpenKlas : R\u00e9volutionner l&rsquo;\u00c9ducation en RDC Pendant la Crise<\/p>\n\n\n\n<h2 class=\"wp-block-heading\">Introduction<\/h2>\n\n\n\n<p>Face \u00e0 la pand\u00e9mie de COVID-19, les syst\u00e8mes \u00e9ducatifs du monde entier ont \u00e9t\u00e9 confront\u00e9s \u00e0 des d\u00e9fis sans pr\u00e9c\u00e9dent. En R\u00e9publique D\u00e9mocratique du Congo (RDC), la fermeture des \u00e9coles \u00e0 partir du 19 mars 2020 a priv\u00e9 des millions d&rsquo;\u00e9l\u00e8ves d&rsquo;acc\u00e8s \u00e0 l&rsquo;\u00e9ducation. Pour r\u00e9pondre \u00e0 cette crise, la <strong>KAM Foundation<\/strong>, en partenariat avec <strong>Klasroom<\/strong> et la <strong>Jeune Chambre du Congo-Kinshasa au Qu\u00e9bec (JCCKQ)<\/strong>, a lanc\u00e9 <strong>RDC-OpenKlas<\/strong>, une plateforme num\u00e9rique innovante visant \u00e0 assurer la continuit\u00e9 p\u00e9dagogique pendant le confinement. Cet article explore la mission, l&rsquo;impact et le fonctionnement de RDC-OpenKlas, un v\u00e9ritable espoir pour une \u00e9ducation accessible en RDC.<\/p>\n\n\n\n<h2 class=\"wp-block-heading\">L&rsquo;Origine de RDC-OpenKlas<\/h2>\n\n\n\n<p>RDC-OpenKlas est n\u00e9 en r\u00e9ponse aux perturbations \u00e9ducatives caus\u00e9es par la pand\u00e9mie de COVID-19. Avec la fermeture des \u00e9coles pour limiter la propagation du virus, la KAM Foundation a reconnu l&rsquo;urgence de trouver une solution pour maintenir l&rsquo;acc\u00e8s \u00e0 l&rsquo;\u00e9ducation. Lanc\u00e9e le 14 mai 2020, RDC-OpenKlas est une initiative communautaire qui utilise les outils num\u00e9riques pour offrir des cours gratuits et de qualit\u00e9, en commen\u00e7ant par les \u00e9l\u00e8ves de sixi\u00e8me ann\u00e9e primaire pr\u00e9parant leurs examens finaux. Le slogan de la plateforme, <em>\u00ab\u00a0\u00c9cole pour tous\u00a0\u00bb<\/em>, refl\u00e8te son engagement envers l&rsquo;inclusion et l&rsquo;accessibilit\u00e9 en p\u00e9riode de crise.<\/p>\n\n\n\n<p>L&rsquo;initiative repose sur une collaboration entre :<\/p>\n\n\n\n<ul class=\"wp-block-list\">\n<li><strong>KAM Foundation<\/strong> : Une organisation \u00e0 but non lucratif d\u00e9di\u00e9e au d\u00e9veloppement \u00e9ducatif et social en RDC, \u00e0 l&rsquo;origine du projet.<\/li>\n\n\n\n<li><strong>Klasroom<\/strong> : Un partenaire fournissant un soutien technologique pour faciliter l&rsquo;apprentissage en ligne.<\/li>\n\n\n\n<li><strong>JCCKQ<\/strong> : La Jeune Chambre du Congo-Kinshasa au Qu\u00e9bec, apportant des ressources et un engagement communautaire de la diaspora congolaise.<\/li>\n<\/ul>\n\n\n\n<p>Ensemble, ces organisations ont cr\u00e9\u00e9 une plateforme qui non seulement dispense des cours, mais favorise \u00e9galement un environnement d&rsquo;apprentissage s\u00e9curis\u00e9 et collaboratif.<\/p>\n\n\n\n<h2 class=\"wp-block-heading\">Fonctionnement de RDC-OpenKlas<\/h2>\n\n\n\n<p>RDC-OpenKlas fonctionne comme une salle de classe num\u00e9rique, con\u00e7ue pour \u00eatre simple et accessible, tenant compte des r\u00e9alit\u00e9s de l&rsquo;infrastructure en RDC. La plateforme se concentre sur les mati\u00e8res principales, le fran\u00e7ais et les math\u00e9matiques, pour les \u00e9l\u00e8ves de sixi\u00e8me ann\u00e9e, avec des perspectives d&rsquo;\u00e9largissement \u00e0 mesure que les ressources augmentent. Voici un aper\u00e7u de son fonctionnement :<\/p>\n\n\n\n<h3 class=\"wp-block-heading\">Dispensation des Cours<\/h3>\n\n\n\n<ul class=\"wp-block-list\">\n<li><strong>Pr\u00e9paration<\/strong> : Les enseignants t\u00e9l\u00e9chargent les le\u00e7ons, comprenant des notes, des fichiers audio et parfois des vid\u00e9os, sur la plateforme la veille des cours.<\/li>\n\n\n\n<li><strong>Horaire<\/strong> : Les cours d\u00e9butent \u00e0 9h00, avec un appel effectu\u00e9 par l&rsquo;enseignant et des instructions donn\u00e9es via des groupes WhatsApp, un outil largement utilis\u00e9 en RDC.<\/li>\n\n\n\n<li><strong>Interaction<\/strong> : Les \u00e9l\u00e8ves disposent de temps pour lire les notes, \u00e9couter les audios, compl\u00e9ter les devoirs et poser des questions, garantissant un apprentissage interactif malgr\u00e9 la fracture num\u00e9rique.<\/li>\n<\/ul>\n\n\n\n<h3 class=\"wp-block-heading\">Accessibilit\u00e9<\/h3>\n\n\n\n<p>Compte tenu des d\u00e9fis li\u00e9s \u00e0 l&rsquo;acc\u00e8s limit\u00e9 \u00e0 Internet et aux appareils, RDC-OpenKlas utilise WhatsApp comme principal outil de communication, car il consomme peu de donn\u00e9es et fonctionne sur des smartphones basiques. Cette approche rend la plateforme accessible \u00e0 un public plus large, m\u00eame dans les zones o\u00f9 la connectivit\u00e9 est instable.<\/p>\n\n\n\n<h3 class=\"wp-block-heading\">Inscription<\/h3>\n\n\n\n<p>La plateforme a ouvert les inscriptions pour les \u00e9l\u00e8ves de sixi\u00e8me ann\u00e9e \u00e0 partir du 18 mai 2020, ciblant les finalistes pr\u00e9parant leurs examens. Les \u00e9l\u00e8ves int\u00e9ress\u00e9s peuvent s&rsquo;inscrire via le site de RDC-OpenKlas (<a href=\"https:\/\/openklas.wordpress.com\/\">https:\/\/openklas.wordpress.com\/<\/a>), un processus simple pour acc\u00e9der aux cours gratuits.<\/p>\n\n\n\n<h2 class=\"wp-block-heading\">Implication de la Communaut\u00e9<\/h2>\n\n\n\n<p>RDC-OpenKlas repose sur l&rsquo;engagement de sa communaut\u00e9 d&rsquo;enseignants et de b\u00e9n\u00e9voles. L&rsquo;initiative invite \u00e0 participer de plusieurs mani\u00e8res :<\/p>\n\n\n\n<ul class=\"wp-block-list\">\n<li><strong>Enseignants<\/strong> : Les \u00e9ducateurs ma\u00eetrisant le fran\u00e7ais ou les math\u00e9matiques sont encourag\u00e9s \u00e0 dispenser des cours, ayant un impact direct sur les r\u00e9sultats des \u00e9l\u00e8ves.<\/li>\n\n\n\n<li><strong>B\u00e9n\u00e9voles<\/strong> : Les individus peuvent contribuer en saisissant des notes, en g\u00e9rant les r\u00e9seaux sociaux ou en offrant un support technique, assurant un fonctionnement fluide.<\/li>\n\n\n\n<li><strong>Donateurs<\/strong> : Les contributions en cr\u00e9dits Internet, mat\u00e9riel informatique, espaces de travail ou argent sont essentielles pour maintenir les services gratuits de la plateforme.<\/li>\n<\/ul>\n\n\n\n<p>Les t\u00e9moignages refl\u00e8tent l&rsquo;enthousiasme de la communaut\u00e9 :<\/p>\n\n\n\n<ul class=\"wp-block-list\">\n<li><em>\u00ab C\u2019est une bonne initiative de r\u00e9soudre un probl\u00e8me si s\u00e9rieux comme l\u2019est le manque d\u2019\u00e9ducation. \u00bb<\/em> \u2013 Th\u00e9r\u00e8se M.<\/li>\n\n\n\n<li><em>\u00ab Je ne suis pas enseignant mais ce projet m\u2019enthousiasme. Je donnerai de mon temps pour ce qui est n\u00e9cessaire. \u00bb<\/em> \u2013 Jonas K.<\/li>\n<\/ul>\n\n\n\n<p>Ces voix soulignent l&rsquo;engagement collectif \u00e0 relever les d\u00e9fis \u00e9ducatifs en RDC.<\/p>\n\n\n\n<h2 class=\"wp-block-heading\">Impact et Importance<\/h2>\n\n\n\n<p>RDC-OpenKlas repr\u00e9sente une initiative pionni\u00e8re dans le paysage \u00e9ducatif de la RDC. Ses principaux impacts incluent :<\/p>\n\n\n\n<ul class=\"wp-block-list\">\n<li><strong>Continuit\u00e9 de l&rsquo;\u00c9ducation<\/strong> : En offrant des cours gratuits pendant la fermeture des \u00e9coles, la plateforme a permis aux \u00e9l\u00e8ves, en particulier ceux de sixi\u00e8me ann\u00e9e, de se pr\u00e9parer \u00e0 leurs examens sans interruption.<\/li>\n\n\n\n<li><strong>Inclusivit\u00e9<\/strong> : L&rsquo;utilisation d&rsquo;outils accessibles comme WhatsApp rend l&rsquo;\u00e9ducation disponible aux \u00e9l\u00e8ves des zones mal desservies, r\u00e9duisant les disparit\u00e9s d&rsquo;acc\u00e8s.<\/li>\n\n\n\n<li><strong>Autonomisation de la Communaut\u00e9<\/strong> : En impliquant des enseignants locaux, des b\u00e9n\u00e9voles et des donateurs, RDC-OpenKlas favorise un sentiment d&rsquo;appropriation et de collaboration au sein de la communaut\u00e9.<\/li>\n\n\n\n<li><strong>\u00c9volutivit\u00e9<\/strong> : Bien que centr\u00e9e initialement sur les \u00e9l\u00e8ves de sixi\u00e8me, le mod\u00e8le de la plateforme est adaptable \u00e0 d&rsquo;autres niveaux et mati\u00e8res, avec un potentiel de croissance \u00e0 long terme.<\/li>\n<\/ul>\n\n\n\n<p>L&rsquo;initiative a \u00e9t\u00e9 reconnue comme une plateforme d&rsquo;apprentissage unique, des \u00e9tudes de l&rsquo;Universit\u00e9 d&rsquo;Anvers notant son approche innovante de l&rsquo;\u00e9ducation en situation de crise. Depuis sa cr\u00e9ation en 2015, le concept plus large d&rsquo;OpenKlas a \u00e9t\u00e9 salu\u00e9 comme un mod\u00e8le pour un apprentissage pr\u00eat pour l&rsquo;avenir, applicable \u00e0 divers contextes \u00e9ducatifs.<\/p>\n\n\n\n<h2 class=\"wp-block-heading\">D\u00e9fis et Perspectives<\/h2>\n\n\n\n<p>Malgr\u00e9 son succ\u00e8s, RDC-OpenKlas fait face \u00e0 des d\u00e9fis :<\/p>\n\n\n\n<ul class=\"wp-block-list\">\n<li><strong>Contraintes de Ressources<\/strong> : L&rsquo;acc\u00e8s limit\u00e9 aux appareils, \u00e0 Internet et \u00e0 l&rsquo;\u00e9lectricit\u00e9 dans certaines r\u00e9gions entrave la participation.<\/li>\n\n\n\n<li><strong>\u00c9volutivit\u00e9<\/strong> : \u00c9tendre la plateforme \u00e0 d&rsquo;autres niveaux et mati\u00e8res n\u00e9cessite des financements et une infrastructure suppl\u00e9mentaires.<\/li>\n\n\n\n<li><strong>Formation des Enseignants<\/strong> : Assurer une qualit\u00e9 constante dans l&rsquo;enseignement num\u00e9rique exige un d\u00e9veloppement professionnel continu pour les \u00e9ducateurs.<\/li>\n<\/ul>\n\n\n\n<p>\u00c0 l&rsquo;avenir, la KAM Foundation vise \u00e0 :<\/p>\n\n\n\n<ul class=\"wp-block-list\">\n<li>Obtenir davantage de financements pour fournir des appareils et un acc\u00e8s Internet aux \u00e9l\u00e8ves.<\/li>\n\n\n\n<li>\u00c9largir l&rsquo;offre de cours pour inclure d&rsquo;autres mati\u00e8res et niveaux scolaires.<\/li>\n\n\n\n<li>Collaborer avec d&rsquo;autres organisations pour renforcer l&rsquo;infrastructure technologique et la port\u00e9e.<\/li>\n<\/ul>\n\n\n\n<h2 class=\"wp-block-heading\">Comment S&rsquo;Impliquer<\/h2>\n\n\n\n<p>RDC-OpenKlas accueille les contributions des individus et organisations passionn\u00e9s par l&rsquo;\u00e9ducation. Vous pouvez :<\/p>\n\n\n\n<ul class=\"wp-block-list\">\n<li><strong>S&rsquo;Inscrire comme \u00c9l\u00e8ve<\/strong> : Visitez <a href=\"https:\/\/openklas.wordpress.com\/\">https:\/\/openklas.wordpress.com\/<\/a> pour vous inscrire aux cours gratuits de fran\u00e7ais et de math\u00e9matiques.<\/li>\n\n\n\n<li><strong>Devenir B\u00e9n\u00e9vole ou Enseignant<\/strong> : Inscrivez-vous via le site pour offrir vos comp\u00e9tences ou votre temps.<\/li>\n\n\n\n<li><strong>Faire un Don<\/strong> : Soutenez la plateforme en contribuant via le lien de don disponible sur le site de RDC-OpenKlas.<\/li>\n<\/ul>\n\n\n\n<h2 class=\"wp-block-heading\">Conclusion<\/h2>\n\n\n\n<p>RDC-OpenKlas est bien plus qu&rsquo;une plateforme num\u00e9rique ; c&rsquo;est un t\u00e9moignage du pouvoir de l&rsquo;innovation communautaire pour surmonter les barri\u00e8res \u00e9ducatives. En s&rsquo;appuyant sur la technologie et la collaboration, la KAM Foundation, Klasroom et la JCCKQ ont cr\u00e9\u00e9 une bou\u00e9e de sauvetage pour les \u00e9l\u00e8ves en RDC pendant la crise du COVID-19. \u00c0 mesure que l&rsquo;initiative se d\u00e9veloppe, elle promet de transformer l&rsquo;\u00e9ducation en RDC, garantissant \u00e0 chaque enfant un acc\u00e8s \u00e0 un apprentissage de qualit\u00e9, quelles que soient les circonstances. Rejoignez le mouvement et contribuez \u00e0 rendre l&rsquo;\u00e9ducation v\u00e9ritablement accessible \u00e0 tous.<a href=\"https:\/\/en.m.wikipedia.org\/wiki\/Open_Knowledge_Foundation\"><\/a><a href=\"https:\/\/okfn.org\/en\/\"><\/a><a href=\"https:\/\/www.kamellazaarfoundation.org\/\"><\/a><\/p>\n","protected":false},"excerpt":{"rendered":"<p>RDC-OpenKlas : R\u00e9volutionner l&rsquo;\u00c9ducation en RDC Pendant la Crise Introduction Face \u00e0 la pand\u00e9mie de COVID-19, les syst\u00e8mes \u00e9ducatifs du monde entier ont \u00e9t\u00e9 confront\u00e9s \u00e0 des d\u00e9fis sans pr\u00e9c\u00e9dent. En R\u00e9publique D\u00e9mocratique du Congo (RDC), la fermeture des \u00e9coles \u00e0 partir du 19 mars 2020 a priv\u00e9 des millions d&rsquo;\u00e9l\u00e8ves d&rsquo;acc\u00e8s \u00e0 l&rsquo;\u00e9ducation. Pour [&hellip;]<\/p>\n","protected":false},"author":1,"featured_media":322,"comment_status":"open","ping_status":"open","sticky":false,"template":"","format":"standard","meta":{"footnotes":""},"categories":[16],"tags":[],"class_list":["post-522","post","type-post","status-publish","format-standard","has-post-thumbnail","hentry","category-renforcement-des-capacites"],"_links":{"self":[{"href":"https:\/\/awnr.org\/index.php\/wp-json\/wp\/v2\/posts\/522","targetHints":{"allow":["GET"]}}],"collection":[{"href":"https:\/\/awnr.org\/index.php\/wp-json\/wp\/v2\/posts"}],"about":[{"href":"https:\/\/awnr.org\/index.php\/wp-json\/wp\/v2\/types\/post"}],"author":[{"embeddable":true,"href":"https:\/\/awnr.org\/index.php\/wp-json\/wp\/v2\/users\/1"}],"replies":[{"embeddable":true,"href":"https:\/\/awnr.org\/index.php\/wp-json\/wp\/v2\/comments?post=522"}],"version-history":[{"count":1,"href":"https:\/\/awnr.org\/index.php\/wp-json\/wp\/v2\/posts\/522\/revisions"}],"predecessor-version":[{"id":523,"href":"https:\/\/awnr.org\/index.php\/wp-json\/wp\/v2\/posts\/522\/revisions\/523"}],"wp:featuredmedia":[{"embeddable":true,"href":"https:\/\/awnr.org\/index.php\/wp-json\/wp\/v2\/media\/322"}],"wp:attachment":[{"href":"https:\/\/awnr.org\/index.php\/wp-json\/wp\/v2\/media?parent=522"}],"wp:term":[{"taxonomy":"category","embeddable":true,"href":"https:\/\/awnr.org\/index.php\/wp-json\/wp\/v2\/categories?post=522"},{"taxonomy":"post_tag","embeddable":true,"href":"https:\/\/awnr.org\/index.php\/wp-json\/wp\/v2\/tags?post=522"}],"curies":[{"name":"wp","href":"https:\/\/api.w.org\/{rel}","templated":true}]}}