{"id":1027,"date":"2025-10-31T13:00:05","date_gmt":"2025-10-31T12:00:05","guid":{"rendered":"https:\/\/kamfoundationrdc.org\/?p=1027"},"modified":"2026-01-07T23:35:24","modified_gmt":"2026-01-07T22:35:24","slug":"kam-foundation-a-participe-a-la-2e-edition-de-la-conference-des-osc-du-bassin-du-congo-a-kinshasa","status":"publish","type":"post","link":"https:\/\/awnr.org\/index.php\/2025\/10\/31\/kam-foundation-a-participe-a-la-2e-edition-de-la-conference-des-osc-du-bassin-du-congo-a-kinshasa\/","title":{"rendered":"AWNR a particip\u00e9 \u00e0 la 2e \u00e9dition de la Conf\u00e9rence des OSC du Bassin du Congo \u00e0 Kinshasa."},"content":{"rendered":"\n<p>En marge de la COP 30, AWNR a pris part, \u00e0 Kinshasa du 30 au 31 octobre 2025, \u00e0 la Conf\u00e9rence des Organisations de la Soci\u00e9t\u00e9 Civile (OSC) du Bassin du Congo, plac\u00e9e sous le th\u00e8me :\u00ab Du dialogue \u00e0 l\u2019action : construire un front r\u00e9gional uni pour le climat \u00bb, organis\u00e9e par Greenpeace Afrique \u2013 branche RDC.<\/p>\n\n\n\n<div style=\"height:8px\" aria-hidden=\"true\" class=\"wp-block-spacer\"><\/div>\n\n\n\n<p>Cet \u00e9v\u00e9nement majeur a rassembl\u00e9 des repr\u00e9sentants de la soci\u00e9t\u00e9 civile venus de six pays : la R\u00e9publique d\u00e9mocratique du Congo, la R\u00e9publique du Congo, le Cameroun, le Gabon, la R\u00e9publique centrafricaine et la Guin\u00e9e \u00e9quatoriale, aux c\u00f4t\u00e9s de leaders autochtones, d\u2019organisations communautaires, d\u2019experts en environnement, d\u2019institutions publiques et de partenaires techniques. Ensemble, nous avons \u00e9labor\u00e9 une feuille de route commune pour la protection durable du Bassin du Congo.<\/p>\n\n\n\n<div style=\"height:5px\" aria-hidden=\"true\" class=\"wp-block-spacer\"><\/div>\n\n\n\n<p>En effet, le Bassin du Congo constitue le deuxi\u00e8me plus grand massif forestier tropical continu au monde. Il assure la nourriture, l\u2019eau et l\u2019abri de plus de 75 millions de personnes. Cependant, l\u2019exploitation non r\u00e9glement\u00e9e de ces for\u00eats menace directement les moyens de subsistance de millions de m\u00e9nages, alimente les r\u00e9seaux transnationaux du crime organis\u00e9 et contribue de mani\u00e8re significative \u00e0 l\u2019aggravation du changement climatique.<\/p>\n\n\n\n<div style=\"height:7px\" aria-hidden=\"true\" class=\"wp-block-spacer\"><\/div>\n\n\n\n<p>Des activit\u00e9s telles que l\u2019exploitation mini\u00e8re ill\u00e9gale accentuent la d\u00e9forestation du Bassin et sont souvent facilit\u00e9es par la complicit\u00e9 de certains hauts fonctionnaires, qui tirent profit de leur position de contr\u00f4le sur la gestion des ressources naturelles. Il \u00e9tait donc essentiel pour AWNR de s\u2019associer aux organisateurs afin de faire entendre la voix des sans-voix, en soutenant la protection et la gestion durable du Bassin du Congo, tout en reconnaissant et respectant les droits des communaut\u00e9s locales et des peuples autochtones.<\/p>\n\n\n\n<div style=\"height:6px\" aria-hidden=\"true\" class=\"wp-block-spacer\"><\/div>\n\n\n\n<figure class=\"wp-block-image size-large\"><img loading=\"lazy\" decoding=\"async\" width=\"1024\" height=\"684\" src=\"https:\/\/kamfoundationrdc.org\/wp-content\/uploads\/2025\/11\/574552836_1250332653790230_6489839740877570064_n-1024x684.jpg\" alt=\"\" class=\"wp-image-1029\" srcset=\"https:\/\/awnr.org\/wp-content\/uploads\/2025\/11\/574552836_1250332653790230_6489839740877570064_n-1024x684.jpg 1024w, https:\/\/awnr.org\/wp-content\/uploads\/2025\/11\/574552836_1250332653790230_6489839740877570064_n-300x200.jpg 300w, https:\/\/awnr.org\/wp-content\/uploads\/2025\/11\/574552836_1250332653790230_6489839740877570064_n-768x513.jpg 768w, https:\/\/awnr.org\/wp-content\/uploads\/2025\/11\/574552836_1250332653790230_6489839740877570064_n-1536x1025.jpg 1536w, https:\/\/awnr.org\/wp-content\/uploads\/2025\/11\/574552836_1250332653790230_6489839740877570064_n.jpg 2048w\" sizes=\"auto, (max-width: 1024px) 100vw, 1024px\" \/><\/figure>\n\n\n\n<div style=\"height:9px\" aria-hidden=\"true\" class=\"wp-block-spacer\"><\/div>\n\n\n\n<h2 class=\"wp-block-heading\"><strong>D\u00e9claration de Kinshasa<\/strong><\/h2>\n\n\n\n<p>\u00c0 l\u2019issue de cette rencontre, la <strong>D\u00e9claration de Kinshasa<\/strong> a \u00e9t\u00e9 amend\u00e9e et publi\u00e9e. Elle appelle les gouvernements, les organisations et les partenaires \u00e0 :<\/p>\n\n\n\n<div style=\"height:6px\" aria-hidden=\"true\" class=\"wp-block-spacer\"><\/div>\n\n\n\n<ol start=\"1\" class=\"wp-block-list\">\n<li>Mettre fin \u00e0 la d\u00e9forestation, \u00e0 l\u2019exploitation ill\u00e9gale et non durable des ressources naturelles, ainsi qu\u2019\u00e0 la logique extractiviste h\u00e9rit\u00e9e du mod\u00e8le colonial de d\u00e9veloppement, afin de promouvoir une gouvernance fond\u00e9e sur la justice, la souverainet\u00e9 des peuples et la durabilit\u00e9.<\/li>\n\n\n\n<li>Investir dans des mod\u00e8les de d\u00e9veloppement \u00e9cologiquement responsables et socialement justes, notamment l\u2019agro\u00e9cologie, la transformation locale des ressources, les emplois verts et les programmes de reforestation.<\/li>\n\n\n\n<li>Promouvoir une conservation fond\u00e9e sur les droits, qui reconna\u00eet pleinement les droits des communaut\u00e9s locales et des peuples autochtones, en garantissant leur participation effective \u00e0 la gestion des \u00e9cosyst\u00e8mes et \u00e0 la prise de d\u00e9cision.<\/li>\n\n\n\n<li>Reconna\u00eetre, prot\u00e9ger et promouvoir les droits des peuples autochtones et des communaut\u00e9s locales, en int\u00e9grant leurs savoirs, leurs voix et leurs priorit\u00e9s dans les politiques publiques.<\/li>\n\n\n\n<li>Structurer l\u2019expertise r\u00e9gionale pour concevoir des projets pertinents et ancr\u00e9s dans les r\u00e9alit\u00e9s locales, et exiger un all\u00e8gement des proc\u00e9dures d\u2019acc\u00e8s au financement pour les \u00c9tats, les organisations, les peuples autochtones et les communaut\u00e9s locales.<\/li>\n\n\n\n<li>Renforcer la s\u00e9curisation fonci\u00e8re et foresti\u00e8re des communaut\u00e9s locales et des peuples autochtones, afin de pr\u00e9venir l\u2019accaparement des terres et de pr\u00e9server leurs moyens de subsistance.<\/li>\n<\/ol>\n\n\n\n<div style=\"height:7px\" aria-hidden=\"true\" class=\"wp-block-spacer\"><\/div>\n\n\n\n<p>La participation de AWNR \u00e0 cette conf\u00e9rence r\u00e9affirme son engagement pour la protection du Bassin du Congo, la justice climatique et la d\u00e9fense des droits des communaut\u00e9s locales. Ensemble, nous \u0153uvrons pour que les engagements de la D\u00e9claration de Kinshasa se traduisent en actions concr\u00e8tes et durables au service des g\u00e9n\u00e9rations futures.<\/p>\n\n\n\n<p><\/p>\n","protected":false},"excerpt":{"rendered":"<p>En marge de la COP 30, AWNR a pris part, \u00e0 Kinshasa du 30 au 31 octobre 2025, \u00e0 la Conf\u00e9rence des Organisations de la Soci\u00e9t\u00e9 Civile (OSC) du Bassin du Congo, plac\u00e9e sous le th\u00e8me :\u00ab Du dialogue \u00e0 l\u2019action : construire un front r\u00e9gional uni pour le climat \u00bb, organis\u00e9e par Greenpeace Afrique [&hellip;]<\/p>\n","protected":false},"author":2,"featured_media":1028,"comment_status":"open","ping_status":"open","sticky":false,"template":"","format":"standard","meta":{"footnotes":""},"categories":[17,19],"tags":[],"class_list":["post-1027","post","type-post","status-publish","format-standard","has-post-thumbnail","hentry","category-conservation-environnementale","category-kam-for-youth"],"_links":{"self":[{"href":"https:\/\/awnr.org\/index.php\/wp-json\/wp\/v2\/posts\/1027","targetHints":{"allow":["GET"]}}],"collection":[{"href":"https:\/\/awnr.org\/index.php\/wp-json\/wp\/v2\/posts"}],"about":[{"href":"https:\/\/awnr.org\/index.php\/wp-json\/wp\/v2\/types\/post"}],"author":[{"embeddable":true,"href":"https:\/\/awnr.org\/index.php\/wp-json\/wp\/v2\/users\/2"}],"replies":[{"embeddable":true,"href":"https:\/\/awnr.org\/index.php\/wp-json\/wp\/v2\/comments?post=1027"}],"version-history":[{"count":5,"href":"https:\/\/awnr.org\/index.php\/wp-json\/wp\/v2\/posts\/1027\/revisions"}],"predecessor-version":[{"id":1292,"href":"https:\/\/awnr.org\/index.php\/wp-json\/wp\/v2\/posts\/1027\/revisions\/1292"}],"wp:featuredmedia":[{"embeddable":true,"href":"https:\/\/awnr.org\/index.php\/wp-json\/wp\/v2\/media\/1028"}],"wp:attachment":[{"href":"https:\/\/awnr.org\/index.php\/wp-json\/wp\/v2\/media?parent=1027"}],"wp:term":[{"taxonomy":"category","embeddable":true,"href":"https:\/\/awnr.org\/index.php\/wp-json\/wp\/v2\/categories?post=1027"},{"taxonomy":"post_tag","embeddable":true,"href":"https:\/\/awnr.org\/index.php\/wp-json\/wp\/v2\/tags?post=1027"}],"curies":[{"name":"wp","href":"https:\/\/api.w.org\/{rel}","templated":true}]}}